{"id":127225,"date":"2021-08-24T10:09:29","date_gmt":"2021-08-24T06:09:29","guid":{"rendered":""},"modified":"-0001-11-30T00:00:00","modified_gmt":"-0001-11-29T20:00:00","slug":"","status":"publish","type":"post","link":"https:\/\/ucnoqta.az\/?p=127225","title":{"rendered":"Taliban\u0131 idar\u0259 ed\u0259n 6 adam: Onlar kiml\u0259rdir? \u2013 <font color=red><b>DOSYE<\/b><\/font>"},"content":{"rendered":"<p><strong>\u0130yirmi alt\u0131 n\u0259f\u0259rlik q\u0259rarverici Liderl\u0259r \u015euras\u0131 f\u0259aliyy\u0259t g\u00f6st\u0259rs\u0259 d\u0259, beyn\u0259lxalq ictimaiyy\u0259tin yax\u0131ndan izl\u0259diyi Taliban r\u0259hb\u0259rliyind\u0259 6 n\u0259f\u0259r \u00f6n\u0259 \u00e7\u0131x\u0131r.<\/strong><\/p>\n<p>Talibanda 26 n\u0259f\u0259rlik Liderl\u0259r \u015euras\u0131ndan \u0259lav\u0259 Nazirl\u0259r \u015euras\u0131 kimi m\u00fcxt\u0259lif qurumlar da var.<\/p>\n<p>Taliban qurucusu v\u0259 uzun ill\u0259r h\u0259r\u0259kata r\u0259hb\u0259rlik etmi\u015f Molla \u00d6m\u0259rin \u00f6l\u00fcm\u00fcnd\u0259n sonra h\u0259r\u0259kat\u0131n 6 n\u0259f\u0259r t\u0259r\u0259find\u0259n idar\u0259 olundu\u011fu deyilir.<\/p>\n<p><strong>Molla Heyb\u0259tullah Axundzad\u0259<\/strong><\/p>\n<p>Molla Heyb\u0259tullah Axundzad\u0259 2016-c\u0131 il may\u0131n 25-d\u0259 \u0259vv\u0259lki Taliban lideri Molla \u018fxtar M\u0259h\u0259mm\u0259d Mansurun AB\u015e t\u0259r\u0259find\u0259n \u00f6ld\u00fcr\u00fclm\u0259sind\u0259n sonra Taliban liderl\u0259ri s\u0131ras\u0131na daxil edilib.<\/p>\n<p>1980-ci ill\u0259rd\u0259 sovet i\u015f\u011fal\u0131na qar\u015f\u0131 m\u00fcbariz\u0259 aparan qruplara qo\u015fulan 60 ya\u015fl\u0131 Axundzad\u0259 Molla Mansurun k\u00f6m\u0259k\u00e7isi olub. Axundzad\u0259nin 2016-c\u0131 ilin may ay\u0131nda yoxa \u00e7\u0131xana q\u0259d\u0259r 15 il Pakistan\u0131n \u018ffqan\u0131stan s\u0259rh\u0259di yax\u0131nl\u0131\u011f\u0131ndak\u0131 bir k\u0259ndd\u0259 dini m\u00fchazir\u0259l\u0259r v\u0259 moiz\u0259l\u0259r s\u00f6yl\u0259diyi bildirilir. Haz\u0131rda Taliban\u0131n \u0259n n\u00fcfuzlu lideri kimi tan\u0131nan Axundzad\u0259nin harada oldu\u011fu m\u0259lum deyil.<\/p>\n<p>2020-ci ild\u0259 \u201cAmerican Foreign Policy\u201d n\u0259\u015fri Axundzad\u0259nin koronavirusdan \u00f6ld\u00fcy\u00fcn\u00fc iddia edib. Bu iddia Taliban t\u0259r\u0259find\u0259n t\u0259kzib olunub.<\/p>\n<p>Axundzad\u0259nin Taliban t\u0259r\u0259find\u0259n yay\u0131mlanan yaln\u0131z bir m\u0259\u015fhur foto\u015f\u0259kili var. Taliban lideri \u0259vv\u0259ll\u0259r s\u00f6z\u00fcged\u0259n h\u0259r\u0259kat\u0131n m\u0259hk\u0259m\u0259 sisteminin ba\u015f hakimi v\u0259zif\u0259sii tutub.<\/p>\n<p><strong>Molla \u018fbd\u00fclqani B\u0259rad\u0259r<\/strong><\/p>\n<p>1968-ci ild\u0259 Uruzqan \u0259yal\u0259tind\u0259 anadan olan B\u0259rad\u0259r AB\u015e-\u0131n i\u015f\u011fal\u0131ndan sonra \u018ffqan\u0131stan prezidenti olmu\u015f H\u0259mid Karzai il\u0259 eyni q\u0259bil\u0259d\u0259ndir. \u0130\u015f\u011faldan sonra NATO q\u00fcvv\u0259l\u0259rin\u0259 qar\u015f\u0131 ba\u015flayan partizan m\u00fcharib\u0259sind\u0259 ciddi fiqur olan B\u0259rad\u0259r Taliban\u0131n m\u0259rhum lideri Molla \u00d6m\u0259rin \u0259n etibarl\u0131 adamlar\u0131ndan biri say\u0131l\u0131r.<\/p>\n<p>Onun Molla \u00d6m\u0259rin bac\u0131s\u0131 il\u0259 evli oldu\u011fu v\u0259 \u00d6m\u0259rin ona \u201cqarda\u015f\u201d m\u0259nas\u0131n\u0131 ver\u0259n \u201cB\u0259rad\u0259r\u201d titulunu verdiyi iddia olunur. Taliban\u0131n d\u00f6rd qurucusundan biri olan B\u0259rad\u0259r h\u0259r\u0259kat lideri Axundzad\u0259nin m\u00fcavini olaraq xidm\u0259tini davam etdirir v\u0259 eyni zamanda h\u0259r\u0259kat\u0131n siyasi qanad\u0131n\u0131n \u0259n y\u00fcks\u0259k icra\u00e7\u0131lar\u0131ndan biridir.<\/p>\n<p>2010-cu ild\u0259 Pakistan\u0131n c\u0259nubundak\u0131 K\u0259ra\u00e7i \u015f\u0259h\u0259rind\u0259 t\u0259hl\u00fck\u0259sizlik q\u00fcvv\u0259l\u0259ri t\u0259r\u0259find\u0259n \u0259sir g\u00f6t\u00fcr\u00fcl\u0259n B\u0259rad\u0259r AB\u015e-la davam ed\u0259n s\u00fclh dan\u0131\u015f\u0131qlar\u0131na t\u00f6hf\u0259 ver\u0259c\u0259yini d\u00fc\u015f\u00fcn\u0259r\u0259k, Amerikan\u0131n ke\u00e7mi\u015f prezidenti Donald Tramp\u0131n xahi\u015fi il\u0259 2018 -ci ild\u0259 s\u0259rb\u0259st burax\u0131l\u0131b. O, son ill\u0259rd\u0259 Taliban\u0131n diplomatik v\u0259 h\u0259rbi siyas\u0259tind\u0259ki t\u0259sirli rolu il\u0259 beyn\u0259lxalq ictimaiyy\u0259t t\u0259r\u0259find\u0259n ad\u0131 tez-tez e\u015fidil\u0259n Taliban lideridir.<\/p>\n<p>2019-cu ilin yanvar ay\u0131ndan etibar\u0259n Taliban\u0131n Dohadak\u0131 siyasi ofisinin r\u0259hb\u0259ri olan B\u0259rad\u0259r AB\u015e-Taliban s\u00fclh raz\u0131la\u015fmas\u0131 \u00e7\u0259r\u00e7iv\u0259sind\u0259 \u00f6t\u0259n il Trampla telefonla dan\u0131\u015faraq AB\u015e prezidenti il\u0259 g\u00f6r\u00fc\u015f\u0259n ilk Taliban lideri olub. Bundan \u0259lav\u0259, \u00f6t\u0259n ilin sentyabr\u0131nda AB\u015e-\u0131n ke\u00e7mi\u015f d\u00f6vl\u0259t katibi Mayk Pompeo il\u0259 Q\u0259t\u0259rd\u0259 g\u00f6r\u00fc\u015f\u0259n B\u0259rad\u0259r \u00c7in, Rusiya v\u0259 \u0130ranla da diplomatik \u0259laq\u0259l\u0259r qurmu\u015fdu.<\/p>\n<p>O, Taliban\u0131n \u018ffqan\u0131standa hakimiyy\u0259ti \u0259l\u0259 ke\u00e7irm\u0259sind\u0259n sonra \u00f6lk\u0259sin\u0259 qay\u0131d\u0131b.<\/p>\n<p><strong>Molla \u018fbd\u00fcl Hakim<\/strong><\/p>\n<p>Taliban\u0131n m\u00fczakir\u0259 hey\u0259tinin r\u0259hb\u0259ri \u018fbd\u00fcl Hakimin Axundzad\u0259nin \u0259n etibarl\u0131 adamlar\u0131ndan biri oldu\u011fu deyilir. \u018fbd\u00fcl Hakim 2014-c\u00fc ild\u0259 AB\u015e-\u0131n Quantanamo h\u0259bsxanas\u0131ndan \u0259sir m\u00fcbadil\u0259si \u00e7\u0259r\u00e7iv\u0259sind\u0259 s\u0259rb\u0259st burax\u0131l\u0131b.<\/p>\n<p>M\u00fczakir\u0259 hey\u0259tinin r\u0259hb\u0259ri t\u0259yin edilm\u0259zd\u0259n \u0259vv\u0259l Taliban\u0131n m\u0259hk\u0259m\u0259 sisteminin ba\u015f hakimi olub. Bu v\u0259zif\u0259y\u0259 t\u0259yin olunana q\u0259d\u0259r tan\u0131nmay\u0131b. Pakistan\u0131n \u018ffqan\u0131stanla s\u0259rh\u0259din\u0259 yax\u0131n olan Kvetta \u015f\u0259h\u0259rind\u0259ki m\u0259dr\u0259s\u0259l\u0259rd\u0259 d\u0259rs dey\u0259n Hakim Taliban \u00fczvl\u0259ri aras\u0131nda b\u00f6y\u00fck h\u00f6rm\u0259t\u0259 malik \u015f\u0259xsdir.<\/p>\n<p><strong>\u015eer M\u0259h\u0259mm\u0259d Abbas Stanixzay<\/strong><\/p>\n<p>Stanixzay 2001-ci ild\u0259 Taliban devrilm\u0259zd\u0259n \u0259vv\u0259l h\u00f6kum\u0259td\u0259 ke\u00e7mi\u015f nazir m\u00fcavini olub. T\u0259xmin\u0259n 10 ildir Dohada ya\u015fayan Stanixzay 2015 -ci ild\u0259 Taliban\u0131n Dohadak\u0131 siyasi ofisinin r\u0259hb\u0259ri postunu tutub.<\/p>\n<p>\u018ffqan\u0131stan h\u00f6kum\u0259ti il\u0259 dan\u0131\u015f\u0131qlarda i\u015ftirak ed\u0259n Stanixzay Taliban\u0131n b\u0259zi \u00f6lk\u0259l\u0259r\u0259 s\u0259f\u0259rl\u0259rind\u0259 d\u0259 i\u015ftirak edib. O, \u0259vv\u0259lc\u0259 Taliban\u0131n m\u00fczakir\u0259 hey\u0259tinin r\u0259hb\u0259ri t\u0259yin edilib. Amma dan\u0131\u015f\u0131qlar\u0131n ba\u015flamas\u0131na bir ne\u00e7\u0259 g\u00fcn qalm\u0131\u015f Taliban r\u0259hb\u0259rliyi onu Molla \u018fbd\u00fcl Hakimin m\u00fcavini t\u0259yin edib.<\/p>\n<p><strong>Molla M\u0259h\u0259mm\u0259d Yaqub<\/strong><\/p>\n<p>Taliban\u0131n qurucusu Molla \u00d6m\u0259rin o\u011flu Molla Yaqub h\u0259r\u0259kat\u0131n \u018ffqan\u0131standak\u0131 h\u0259rbi \u0259m\u0259liyyatlar\u0131na r\u0259hb\u0259rlik edir. Ke\u00e7mi\u015f Taliban lideri Molla Mansurun \u00f6l\u00fcm\u00fcnd\u0259n sonra ona Taliban r\u0259hb\u0259rliyinin t\u0259klif edildiyini, amma g\u0259nc ya\u015fda olmas\u0131 v\u0259 h\u0259rbi t\u0259cr\u00fcb\u0259sinin olmamas\u0131 s\u0259b\u0259bind\u0259n imtina etdiyini bildirirl\u0259r.<\/p>\n<p>31 ya\u015fl\u0131 Molla M\u0259h\u0259mm\u0259d Yaqub da atas\u0131n\u0131n \u00f6l\u00fcm\u00fcnd\u0259n \u0259vv\u0259l \u00e7ox az tan\u0131n\u0131rd\u0131. Molla \u018fxtar M\u0259h\u0259mm\u0259d Mansurun Taliban lideri se\u00e7ilm\u0259si il\u0259 Molla \u00d6m\u0259rin ail\u0259si il\u0259 Taliban aras\u0131nda problem yaran\u0131b. Bundan sonra Molla \u00d6m\u0259rin o\u011flu Molla Yaqub v\u0259 qarda\u015f\u0131 Molla \u018fbd\u00fcl Mennan Talibanda m\u00fch\u00fcm v\u0259zif\u0259l\u0259r\u0259 g\u0259tirilib. Bununla liderlik g\u0259rginliyinin h\u0259ll olundu\u011fu bildirilib .Yaqub eyni zamanda Taliban liderinin m\u00fcavinidir.<\/p>\n<p><strong>Sirac\u0259ddin H\u0259qqani<\/strong><\/p>\n<p>Sirac\u0259ddin Hakkani \u018ffqan\u0131stan\u0131n sovet i\u015f\u011fal\u0131 zaman\u0131 AB\u015e t\u0259r\u0259find\u0259n d\u0259st\u0259kl\u0259n\u0259n \u00fcsyan\u00e7\u0131 H\u0259qqani qrupla\u015fmas\u0131n\u0131n qurucusu C\u0259lal\u0259ddin H\u0259qqaninin o\u011fludur. O, atas\u0131n\u0131n qurdu\u011fu qrupla\u015fman\u0131n haz\u0131rk\u0131 lideridir. 1995-ci ild\u0259 Talibana qo\u015fulan H\u0259qqani qrupla\u015fmas\u0131 talibl\u0259rin Pakistan-\u018ffqan\u0131stan s\u0259rh\u0259di boyunca iqtisadi v\u0259 h\u0259rbi obyektl\u0259rini idar\u0259 edir. H\u0259qqani qrupla\u015fmas\u0131 kamikadzel\u0259rin haz\u0131rlanmas\u0131nda v\u0259 \u018ffqan\u0131standak\u0131 b\u0259zi terror aktlar\u0131nda ittiham olunur.<\/p>\n<p>2008-ci ild\u0259 Kabilin l\u00fcks otell\u0259rind\u0259n birin\u0259 edil\u0259n basq\u0131n v\u0259 \u018ffqan\u0131stan\u0131n o zamank\u0131 prezidenti H\u0259mid K\u0259rzayiy\u0259 sui-q\u0259sd c\u0259hdi, habel\u0259 Hindistan\u0131n Kabild\u0259ki s\u0259firliyinin bombardman edilm\u0259si bu ittihamlardan biridir.<\/p>\n<p>H\u0259qqaninin 45-50 ya\u015flar\u0131nda oldu\u011fu bildirils\u0259 d\u0259, harada m\u0259skunla\u015fd\u0131\u011f\u0131 bilinmir. AB\u015e Federal T\u0259hqiqatlar B\u00fcrosu (FBI) onun h\u0259bsin\u0259 s\u0259b\u0259b olacaq m\u0259lumat ver\u0259n h\u0259r k\u0259s\u0259 5 milyon dollara q\u0259d\u0259r m\u00fckafat t\u0259qdim ed\u0259c\u0259yini a\u00e7\u0131qlay\u0131b. H\u0259qqaninin \u201cqlobal terror\u00e7u\u201d adland\u0131ran FBI onun Pakistan\u0131n \u015eimali V\u0259ziristan b\u00f6lg\u0259sind\u0259 oldu\u011funu t\u0259xmin etdikl\u0259rini vur\u011fulay\u0131b.<\/p>\n<p>Sirac\u0259ddin H\u0259qqani eyni zamanda Taliban lideri Axundzad\u0259nin m\u00fcavinidir.\/\/\/teleqraf.com<\/p>\n","protected":false},"excerpt":{"rendered":"<p>\u0130yirmi alt\u0131 n\u0259f\u0259rlik q\u0259rarverici Liderl\u0259r \u015euras\u0131 f\u0259aliyy\u0259t g\u00f6st\u0259rs\u0259 d\u0259, beyn\u0259lxalq ictimaiyy\u0259tin yax\u0131ndan izl\u0259diyi Taliban r\u0259hb\u0259rliyind\u0259 6 n\u0259f\u0259r \u00f6n\u0259 \u00e7\u0131x\u0131r. Talibanda 26 n\u0259f\u0259rlik Liderl\u0259r \u015euras\u0131ndan \u0259lav\u0259 Nazirl\u0259r \u015euras\u0131 kimi m\u00fcxt\u0259lif qurumlar&hellip;<\/p>\n","protected":false},"author":1,"featured_media":251278,"comment_status":"open","ping_status":"open","sticky":false,"template":"","format":"standard","meta":{"_lmt_disableupdate":"","_lmt_disable":"","footnotes":""},"categories":[89],"tags":[],"class_list":["post-127225","post","type-post","status-publish","format-standard","has-post-thumbnail","hentry","category-dunya-butun-xeberler"],"_links":{"self":[{"href":"https:\/\/ucnoqta.az\/index.php?rest_route=\/wp\/v2\/posts\/127225","targetHints":{"allow":["GET"]}}],"collection":[{"href":"https:\/\/ucnoqta.az\/index.php?rest_route=\/wp\/v2\/posts"}],"about":[{"href":"https:\/\/ucnoqta.az\/index.php?rest_route=\/wp\/v2\/types\/post"}],"author":[{"embeddable":true,"href":"https:\/\/ucnoqta.az\/index.php?rest_route=\/wp\/v2\/users\/1"}],"replies":[{"embeddable":true,"href":"https:\/\/ucnoqta.az\/index.php?rest_route=%2Fwp%2Fv2%2Fcomments&post=127225"}],"version-history":[{"count":0,"href":"https:\/\/ucnoqta.az\/index.php?rest_route=\/wp\/v2\/posts\/127225\/revisions"}],"wp:featuredmedia":[{"embeddable":true,"href":"https:\/\/ucnoqta.az\/index.php?rest_route=\/wp\/v2\/media\/251278"}],"wp:attachment":[{"href":"https:\/\/ucnoqta.az\/index.php?rest_route=%2Fwp%2Fv2%2Fmedia&parent=127225"}],"wp:term":[{"taxonomy":"category","embeddable":true,"href":"https:\/\/ucnoqta.az\/index.php?rest_route=%2Fwp%2Fv2%2Fcategories&post=127225"},{"taxonomy":"post_tag","embeddable":true,"href":"https:\/\/ucnoqta.az\/index.php?rest_route=%2Fwp%2Fv2%2Ftags&post=127225"}],"curies":[{"name":"wp","href":"https:\/\/api.w.org\/{rel}","templated":true}]}}