{"id":127215,"date":"2021-08-24T08:17:23","date_gmt":"2021-08-24T04:17:23","guid":{"rendered":""},"modified":"-0001-11-30T00:00:00","modified_gmt":"-0001-11-29T20:00:00","slug":"","status":"publish","type":"post","link":"https:\/\/ucnoqta.az\/?p=127215","title":{"rendered":"Bu g\u00fcn Az\u0259rbaycan millisi Serbiya il\u0259 qar\u015f\u0131la\u015facaq"},"content":{"rendered":"<p><strong>Qad\u0131n voleybol&ccedil;ulardan ibar\u0259t Az\u0259rbaycan millisi bu g&uuml;n Avropa &ccedil;empionat\u0131nda n&ouml;vb\u0259ti oyununu ke&ccedil;ir\u0259c\u0259k.<\/strong><\/p>\n<p>V&uuml;qar \u018fliyevin ba\u015f m\u0259\u015fq&ccedil;i oldu\u011fu kollektiv A qrupundak\u0131 d&ouml;rd&uuml;nc&uuml; s\u0131na\u011f\u0131nda Serbiya y\u0131\u011fmas\u0131 il\u0259 qar\u015f\u0131la\u015facaq.<br \/>\nBak\u0131 vaxt\u0131 il\u0259 saat 22:00-da ba\u015flayacaq qar\u015f\u0131la\u015fma \u0130ctimai Televiziya vasit\u0259sil\u0259 canl\u0131 yay\u0131mlanacaq.<\/p>\n<p><strong>Avropa &ccedil;empionat\u0131<br \/>\nA qrupu<\/strong><\/p>\n<p>22:00. Az\u0259rbaycan &#8211; Serbiya<\/p>\n<p>Qeyd ed\u0259k ki, Az\u0259rbaycan millisi A qrupundak\u0131 ilk &uuml;&ccedil; oyununda Bel&ccedil;ika, Bosniya v\u0259 Herseqovina v\u0259 Rusiya se&ccedil;m\u0259l\u0259rin\u0259 m&uuml;vafiq olaraq 0:3 hesab\u0131 il\u0259 uduzub. Xal\u0131 olmayan y\u0131\u011fma sonuncu &#8211; 6-c\u0131 pill\u0259d\u0259 q\u0259rarla\u015f\u0131b.\/\/\/report<\/p>\n","protected":false},"excerpt":{"rendered":"<p>Qad\u0131n voleybol&ccedil;ulardan ibar\u0259t Az\u0259rbaycan millisi bu g&uuml;n Avropa &ccedil;empionat\u0131nda n&ouml;vb\u0259ti oyununu ke&ccedil;ir\u0259c\u0259k. V&uuml;qar \u018fliyevin ba\u015f m\u0259\u015fq&ccedil;i oldu\u011fu kollektiv A qrupundak\u0131 d&ouml;rd&uuml;nc&uuml; s\u0131na\u011f\u0131nda Serbiya y\u0131\u011fmas\u0131 il\u0259 qar\u015f\u0131la\u015facaq. Bak\u0131 vaxt\u0131 il\u0259 saat&hellip;<\/p>\n","protected":false},"author":1,"featured_media":251278,"comment_status":"open","ping_status":"open","sticky":false,"template":"","format":"standard","meta":{"_lmt_disableupdate":"","_lmt_disable":"","footnotes":""},"categories":[90],"tags":[],"class_list":["post-127215","post","type-post","status-publish","format-standard","has-post-thumbnail","hentry","category-idman-butun-xeberler"],"_links":{"self":[{"href":"https:\/\/ucnoqta.az\/index.php?rest_route=\/wp\/v2\/posts\/127215","targetHints":{"allow":["GET"]}}],"collection":[{"href":"https:\/\/ucnoqta.az\/index.php?rest_route=\/wp\/v2\/posts"}],"about":[{"href":"https:\/\/ucnoqta.az\/index.php?rest_route=\/wp\/v2\/types\/post"}],"author":[{"embeddable":true,"href":"https:\/\/ucnoqta.az\/index.php?rest_route=\/wp\/v2\/users\/1"}],"replies":[{"embeddable":true,"href":"https:\/\/ucnoqta.az\/index.php?rest_route=%2Fwp%2Fv2%2Fcomments&post=127215"}],"version-history":[{"count":0,"href":"https:\/\/ucnoqta.az\/index.php?rest_route=\/wp\/v2\/posts\/127215\/revisions"}],"wp:featuredmedia":[{"embeddable":true,"href":"https:\/\/ucnoqta.az\/index.php?rest_route=\/wp\/v2\/media\/251278"}],"wp:attachment":[{"href":"https:\/\/ucnoqta.az\/index.php?rest_route=%2Fwp%2Fv2%2Fmedia&parent=127215"}],"wp:term":[{"taxonomy":"category","embeddable":true,"href":"https:\/\/ucnoqta.az\/index.php?rest_route=%2Fwp%2Fv2%2Fcategories&post=127215"},{"taxonomy":"post_tag","embeddable":true,"href":"https:\/\/ucnoqta.az\/index.php?rest_route=%2Fwp%2Fv2%2Ftags&post=127215"}],"curies":[{"name":"wp","href":"https:\/\/api.w.org\/{rel}","templated":true}]}}