{"id":126414,"date":"2021-08-14T14:53:12","date_gmt":"2021-08-14T10:53:12","guid":{"rendered":""},"modified":"-0001-11-30T00:00:00","modified_gmt":"-0001-11-29T20:00:00","slug":"","status":"publish","type":"post","link":"https:\/\/ucnoqta.az\/?p=126414","title":{"rendered":"K\u0259lb\u0259c\u0259rd\u0259 h\u0259lak olmu\u015f zabit d\u0259fn edilib"},"content":{"rendered":"<p><strong>K\u0259lb\u0259c\u0259r rayonunda yol-n\u0259qliyyat hadis\u0259si n\u0259tic\u0259sind\u0259 h\u0259lak olan leytenant H\u0259s\u0259nli Eldar M&uuml;\u015ffiq o\u011flu d\u0259fn edilib.<\/strong><\/p>\n<p>H\u0259rb&ccedil;i il\u0259 vida m\u0259rasimi onun ail\u0259sinin ya\u015fad\u0131\u011f\u0131 Ming\u0259&ccedil;evir \u015f\u0259h\u0259rind\u0259 ke&ccedil;irilib. M\u0259rasimd\u0259 zabitin yax\u0131nlar\u0131, ictimaiyy\u0259t n&uuml;may\u0259nd\u0259l\u0259ri v\u0259 \u015f\u0259h\u0259r sakinl\u0259ri i\u015ftirak edibl\u0259r.<\/p>\n<p>Vida m\u0259rasimind\u0259n sonra Eldar H\u0259s\u0259nli Yevlax rayonu, Salahl\u0131 k\u0259ndi q\u0259bristanl\u0131\u011f\u0131nda d\u0259fn olunub.<\/p>\n<p>Allah r\u0259hm\u0259t el\u0259sin!<\/p>\n<p>Qeyd ed\u0259k ki, avqustun 13-&uuml; ax\u015fam saatlar\u0131nda K\u0259lb\u0259c\u0259r rayonu \u0259razisind\u0259 yol-n\u0259qliyyat hadis\u0259si ba\u015f verib. M&uuml;dafi\u0259 Nazirliyinin M\u0259tbuat xidm\u0259tind\u0259n &quot;Report&quot;un sor\u011fusuna cavab olaraq bildirilib ki, hadis\u0259 n\u0259tic\u0259sind\u0259 h\u0259rbi qulluq&ccedil;ular &#8211; leytenant H\u0259s\u0259nli Eldar M&uuml;\u015ffiq o\u011flu v\u0259 m&uuml;dd\u0259td\u0259n art\u0131q h\u0259qiqi h\u0259rbi xidm\u0259t h\u0259rbi qulluq&ccedil;usu &ccedil;avu\u015f C\u0259f\u0259rov Anar M&uuml;st\u0259qim o\u011flu h\u0259lak olub.\/\/\/report<\/p>\n","protected":false},"excerpt":{"rendered":"<p>K\u0259lb\u0259c\u0259r rayonunda yol-n\u0259qliyyat hadis\u0259si n\u0259tic\u0259sind\u0259 h\u0259lak olan leytenant H\u0259s\u0259nli Eldar M&uuml;\u015ffiq o\u011flu d\u0259fn edilib. H\u0259rb&ccedil;i il\u0259 vida m\u0259rasimi onun ail\u0259sinin ya\u015fad\u0131\u011f\u0131 Ming\u0259&ccedil;evir \u015f\u0259h\u0259rind\u0259 ke&ccedil;irilib. M\u0259rasimd\u0259 zabitin yax\u0131nlar\u0131, ictimaiyy\u0259t n&uuml;may\u0259nd\u0259l\u0259ri v\u0259&hellip;<\/p>\n","protected":false},"author":1,"featured_media":251278,"comment_status":"open","ping_status":"open","sticky":false,"template":"","format":"standard","meta":{"_lmt_disableupdate":"","_lmt_disable":"","footnotes":""},"categories":[],"tags":[],"class_list":["post-126414","post","type-post","status-publish","format-standard","has-post-thumbnail","hentry"],"_links":{"self":[{"href":"https:\/\/ucnoqta.az\/index.php?rest_route=\/wp\/v2\/posts\/126414","targetHints":{"allow":["GET"]}}],"collection":[{"href":"https:\/\/ucnoqta.az\/index.php?rest_route=\/wp\/v2\/posts"}],"about":[{"href":"https:\/\/ucnoqta.az\/index.php?rest_route=\/wp\/v2\/types\/post"}],"author":[{"embeddable":true,"href":"https:\/\/ucnoqta.az\/index.php?rest_route=\/wp\/v2\/users\/1"}],"replies":[{"embeddable":true,"href":"https:\/\/ucnoqta.az\/index.php?rest_route=%2Fwp%2Fv2%2Fcomments&post=126414"}],"version-history":[{"count":0,"href":"https:\/\/ucnoqta.az\/index.php?rest_route=\/wp\/v2\/posts\/126414\/revisions"}],"wp:featuredmedia":[{"embeddable":true,"href":"https:\/\/ucnoqta.az\/index.php?rest_route=\/wp\/v2\/media\/251278"}],"wp:attachment":[{"href":"https:\/\/ucnoqta.az\/index.php?rest_route=%2Fwp%2Fv2%2Fmedia&parent=126414"}],"wp:term":[{"taxonomy":"category","embeddable":true,"href":"https:\/\/ucnoqta.az\/index.php?rest_route=%2Fwp%2Fv2%2Fcategories&post=126414"},{"taxonomy":"post_tag","embeddable":true,"href":"https:\/\/ucnoqta.az\/index.php?rest_route=%2Fwp%2Fv2%2Ftags&post=126414"}],"curies":[{"name":"wp","href":"https:\/\/api.w.org\/{rel}","templated":true}]}}