{"id":126413,"date":"2021-08-14T14:36:42","date_gmt":"2021-08-14T10:36:42","guid":{"rendered":""},"modified":"-0001-11-30T00:00:00","modified_gmt":"-0001-11-29T20:00:00","slug":"","status":"publish","type":"post","link":"https:\/\/ucnoqta.az\/?p=126413","title":{"rendered":"DSX-nin h\u0259rbi hiss\u0259l\u0259rind\u0259 g\u0259nc \u0259s\u00adg\u0259rl\u0259rin andi\u00e7m\u0259 m\u0259rasiml\u0259ri ke\u00e7irilib"},"content":{"rendered":"<p><strong>Avqust ay\u0131n\u0131n 13-&uuml; v\u0259 14-d\u0259 D&ouml;vl\u0259t S\u0259rh\u0259d Xidm\u0259tinin &Ccedil;evik H\u0259r\u0259k\u0259t Q&uuml;vv\u0259l\u0259rinin h\u0259rbi hiss\u0259l\u0259rind\u0259 g\u0259nc \u0259s&shy;g\u0259rl\u0259rin andi&ccedil;m\u0259 m\u0259rasiml\u0259ri ke&ccedil;irilib.<\/strong><\/p>\n<p>DSX-nin M\u0259tbuat M\u0259rk\u0259zind\u0259n&nbsp;Ucnoqta.az-aa bildirilib ki, g\u0259nc \u0259sg\u0259rl\u0259r t\u0259nt\u0259n\u0259li \u015f\u0259kild\u0259 h\u0259rbi anda g\u0259tirildikd\u0259n sonra D&ouml;vl\u0259t S\u0259r&shy;h\u0259d Xidm\u0259tinin r\u0259isi general-polkovnik El&ccedil;in Quliyevin t\u0259brik telefonoqram\u0131 \u015f\u0259xsi hey\u0259t\u0259 &ccedil;atd\u0131r\u0131l\u0131b.<\/p>\n<p>M\u0259rasiml\u0259rd\u0259 &ccedil;\u0131x\u0131\u015f ed\u0259nl\u0259r g\u0259nc \u0259sg\u0259rl\u0259rin D&ouml;vl\u0259t S\u0259rh\u0259d Xidm\u0259tinin hey\u0259ti s\u0131ras\u0131na daxil olduqlar\u0131 d&ouml;vr&uuml;n V\u0259t\u0259n M&uuml;harib\u0259sind\u0259 \u015fanl\u0131 Q\u0259l\u0259b\u0259nin co\u015fqu&shy;su&shy;nun ya\u015fand\u0131\u011f\u0131 v\u0259 Az\u0259r&shy;baycan S\u0259rh\u0259d M&uuml;hafiz\u0259sinin yaranmas\u0131n\u0131n 102-ci ild&ouml;n&uuml;m&uuml;n\u0259 t\u0259sad&uuml;f etm\u0259si il\u0259 \u0259lam\u0259tdar olmas\u0131n\u0131 vur\u011fulay\u0131blar.<\/p>\n<p>Az\u0259rbaycan Respubli&shy;kas\u0131n\u0131n Prezidenti, Silahl\u0131 Q&uuml;vv\u0259l\u0259rin M&uuml;z\u0259ff\u0259r Ali Ba\u015f Koman&shy;dan\u0131 c\u0259nab \u0130lham \u018fliyevin r\u0259hb\u0259rliyi alt\u0131nda &ouml;lk\u0259mizin \u0259razi b&uuml;&shy;t&ouml;v&shy;l&uuml;y&uuml;n&uuml;n b\u0259rpa olunmas\u0131 u\u011frunda V\u0259t\u0259n M&uuml;harib\u0259sinin Az\u0259rbay&shy;can Res&shy;pub&shy;likas\u0131&shy;n\u0131n Erm\u0259nistan &uuml;z\u0259rind\u0259 parlaq q\u0259l\u0259b\u0259si il\u0259 ba\u015fa &ccedil;atmas\u0131, m&uuml;q\u0259dd\u0259s tor&shy;paqlar\u0131&shy;m\u0131z\u0131n azad olun&shy;ma&shy;s\u0131nda i\u015f\u011fal&ccedil;\u0131 d&uuml;\u015f&shy;m\u0259n q&uuml;v&shy;v\u0259&shy;l\u0259rin\u0259 qar&shy;\u015f\u0131 \u015f\u0259r\u0259fl\u0259 d&ouml;y&uuml;\u015f\u0259n s\u0259rh\u0259d&ccedil;il\u0259rin bu g&uuml;n d\u0259 s\u0259ng\u0259rd\u0259 v\u0259 s\u0259rh\u0259dd\u0259 b&ouml;y&uuml;k \u0259zml\u0259 xidm\u0259t apar&shy;malar\u0131 il\u0259 q&uuml;rur duymalar\u0131 vur\u011fulan\u0131b.<\/p>\n<p>Azad olunmu\u015f s\u0259rh\u0259dl\u0259rimizin m&uuml;dafi\u0259 v\u0259 m&uuml;hafiz\u0259sinin t\u0259min olunmas\u0131, h\u0259rbi qulluq&ccedil;u&shy;lar\u0131n xidm\u0259ti \u015f\u0259raitinin v\u0259 sosial t\u0259minat\u0131n\u0131n yax\u015f\u0131la\u015f&shy;d\u0131r\u0131lmas\u0131 &uuml;zr\u0259 ard\u0131c\u0131l t\u0259d&shy;birl\u0259rin h\u0259yata ke&shy;&ccedil;irildiyi, yeni h\u0259rbi hiss\u0259l\u0259rin formala\u015fd\u0131r\u0131lmas\u0131, v\u0259 s\u0259rh\u0259d x\u0259tti boyu s\u0259rh\u0259d zastavalar\u0131n\u0131n b\u0259rpa olunmas\u0131, yeni s\u0259rh\u0259d-d&ouml;y&uuml;\u015f m\u0259n&shy;t\u0259q\u0259l\u0259rinin f\u0259aliyy\u0259t\u0259 ba\u015flamas\u0131 qeyd edilib.<\/p>\n<p>M\u0259rasiml\u0259rd\u0259 V\u0259t\u0259n\u0259, d&ouml;vl\u0259t\u0259 s\u0259daq\u0259t and\u0131 i&ccedil;\u0259r\u0259k m&uuml;q\u0259dd\u0259s s\u0259rh\u0259d&shy;l\u0259rimizi \u015f\u0259r\u0259fl\u0259 qorumaq m\u0259suliy&shy;y\u0259tini &ouml;z &uuml;z\u0259rin\u0259 g&ouml;t&uuml;r\u0259n g\u0259nc \u0259sg\u0259rl\u0259rin h\u0259rbi anda daim sadiq qalacaq&shy;lar\u0131na \u0259minlik bildiril\u0259r\u0259k onlara m&uuml;v\u0259ff\u0259qiyy\u0259tl\u0259r arzulan&shy;\u0131b.<\/p>\n<p>T\u0259dbirl\u0259r zaman\u0131 V\u0259t\u0259n M&uuml;harib\u0259sind\u0259 \u015f&uuml;ca\u0259t v\u0259 q\u0259hr\u0259manl\u0131q g&ouml;st\u0259&shy;r\u0259&shy;&shy;r\u0259k Xocav\u0259nd, F&uuml;zuli, C\u0259bray\u0131l, Z\u0259ngilan rayonlar\u0131 v\u0259 \u015eu\u015fa \u015f\u0259h\u0259&shy;ri&shy;nin azad olunma&shy;s\u0131nda f\u0259rql\u0259ndikl\u0259rin\u0259 g&ouml;r\u0259 Az\u0259rbay&shy;can Res&shy;pub&shy;likas\u0131n\u0131n Pre&shy;zi&shy;denti, Silahl\u0131 Q&uuml;v&shy;v\u0259l\u0259rin Ali Ba\u015f Ko&shy;mandan\u0131 c\u0259nab \u0130lham \u018fliyev t\u0259r\u0259fin&shy;d\u0259n t\u0259ltif edil&shy;mi\u015f s\u0259rh\u0259d&shy;&ccedil;i&shy;l\u0259r\u0259 orden v\u0259 medallar t\u0259qdim olun&shy;ub.<\/p>\n<p>T\u0259dbirl\u0259r &ccedil;\u0259r&ccedil;iv\u0259sind\u0259 V\u0259t\u0259n M&uuml;harib\u0259sind\u0259 canla&shy;r\u0131n\u0131 V\u0259t\u0259n u\u011frunda f\u0259da ed\u0259&shy;r\u0259k h\u0259lak olmu\u015f s\u0259rh\u0259d&ccedil;il\u0259rin xatir\u0259 abid\u0259si a&ccedil;\u0131l\u0131b.<\/p>\n<p>M\u0259rasiml\u0259r g\u0259nc \u0259sg\u0259rl\u0259rin t\u0259nt\u0259n\u0259li mar\u015fla tribuna &ouml;n&uuml;nd\u0259n ke&ccedil;idi il\u0259 ba\u015fa &ccedil;at\u0131b.<\/p>\n","protected":false},"excerpt":{"rendered":"<p>Avqust ay\u0131n\u0131n 13-&uuml; v\u0259 14-d\u0259 D&ouml;vl\u0259t S\u0259rh\u0259d Xidm\u0259tinin &Ccedil;evik H\u0259r\u0259k\u0259t Q&uuml;vv\u0259l\u0259rinin h\u0259rbi hiss\u0259l\u0259rind\u0259 g\u0259nc \u0259s&shy;g\u0259rl\u0259rin andi&ccedil;m\u0259 m\u0259rasiml\u0259ri ke&ccedil;irilib. DSX-nin M\u0259tbuat M\u0259rk\u0259zind\u0259n&nbsp;Ucnoqta.az-aa bildirilib ki, g\u0259nc \u0259sg\u0259rl\u0259r t\u0259nt\u0259n\u0259li \u015f\u0259kild\u0259 h\u0259rbi anda g\u0259tirildikd\u0259n&hellip;<\/p>\n","protected":false},"author":1,"featured_media":251278,"comment_status":"open","ping_status":"open","sticky":false,"template":"","format":"standard","meta":{"_lmt_disableupdate":"","_lmt_disable":"","footnotes":""},"categories":[],"tags":[],"class_list":["post-126413","post","type-post","status-publish","format-standard","has-post-thumbnail","hentry"],"_links":{"self":[{"href":"https:\/\/ucnoqta.az\/index.php?rest_route=\/wp\/v2\/posts\/126413","targetHints":{"allow":["GET"]}}],"collection":[{"href":"https:\/\/ucnoqta.az\/index.php?rest_route=\/wp\/v2\/posts"}],"about":[{"href":"https:\/\/ucnoqta.az\/index.php?rest_route=\/wp\/v2\/types\/post"}],"author":[{"embeddable":true,"href":"https:\/\/ucnoqta.az\/index.php?rest_route=\/wp\/v2\/users\/1"}],"replies":[{"embeddable":true,"href":"https:\/\/ucnoqta.az\/index.php?rest_route=%2Fwp%2Fv2%2Fcomments&post=126413"}],"version-history":[{"count":0,"href":"https:\/\/ucnoqta.az\/index.php?rest_route=\/wp\/v2\/posts\/126413\/revisions"}],"wp:featuredmedia":[{"embeddable":true,"href":"https:\/\/ucnoqta.az\/index.php?rest_route=\/wp\/v2\/media\/251278"}],"wp:attachment":[{"href":"https:\/\/ucnoqta.az\/index.php?rest_route=%2Fwp%2Fv2%2Fmedia&parent=126413"}],"wp:term":[{"taxonomy":"category","embeddable":true,"href":"https:\/\/ucnoqta.az\/index.php?rest_route=%2Fwp%2Fv2%2Fcategories&post=126413"},{"taxonomy":"post_tag","embeddable":true,"href":"https:\/\/ucnoqta.az\/index.php?rest_route=%2Fwp%2Fv2%2Ftags&post=126413"}],"curies":[{"name":"wp","href":"https:\/\/api.w.org\/{rel}","templated":true}]}}