{"id":126410,"date":"2021-08-14T13:47:52","date_gmt":"2021-08-14T09:47:52","guid":{"rendered":""},"modified":"-0001-11-30T00:00:00","modified_gmt":"-0001-11-29T20:00:00","slug":"","status":"publish","type":"post","link":"https:\/\/ucnoqta.az\/?p=126410","title":{"rendered":"Bil\u0259suvarda k\u00f6rp\u0259sini suda bo\u011fub \u00f6ld\u00fcr\u0259n qad\u0131n tutulub"},"content":{"rendered":"<p><strong>Avqustun 14-&uuml; saat 08 rad\u0259l\u0259rind\u0259 Bil\u0259suvar rayon sakini, 2020-ci il t\u0259v\u0259ll&uuml;dl&uuml; Zakir Hac\u0131yev\u0259 (ad \u015f\u0259rtidir) m\u0259xsus meyitin Bil\u0259suvar RMX-y\u0259 daxil olmas\u0131 bar\u0259d\u0259 rayon prokurorlu\u011funa m\u0259lumat daxil olub.<\/strong><\/p>\n<p>Bil\u0259suvar Rayon Prokurorlu\u011fundan&nbsp;Ucnoqta.az-a veril\u0259n veril\u0259n m\u0259lumata g&ouml;r\u0259, apar\u0131lm\u0131\u015f ara\u015fd\u0131rmalarla m&uuml;\u0259yy\u0259n edilib ki, z\u0259r\u0259r&ccedil;\u0259kmi\u015fin anas\u0131 1991-ci il t\u0259v\u0259ll&uuml;dl&uuml; Reyhan Hac\u0131yeva (ad \u015f\u0259rtidir) h\u0259min g&uuml;n saat 07 rad\u0259l\u0259rind\u0259 rayonun \u0130sm\u0259tli k\u0259ndi \u0259razisind\u0259n ke&ccedil;\u0259n su kanal\u0131na intihar etm\u0259k m\u0259qs\u0259di il\u0259 &ouml;z&uuml;n&uuml; v\u0259 o\u011flunu at\u0131b, n\u0259tic\u0259d\u0259 Zakir Hac\u0131yev (ad \u015f\u0259rtidir) suda bo\u011fularaq &ouml;l&uuml;b. Reyhan Hac\u0131yeva (ad \u015f\u0259rtidir) is\u0259 k\u0259nd sakinl\u0259ri t\u0259r\u0259find\u0259n sudan &ccedil;\u0131xar\u0131l\u0131b.<\/p>\n<p>Faktla ba\u011fl\u0131 Bil\u0259suvar Rayon Prokurorlu\u011funda Cinay\u0259t M\u0259c\u0259ll\u0259sinin 120.1-ci (q\u0259sd\u0259n adam &ouml;ld&uuml;rm\u0259) v\u0259 125-ci (&ouml;z&uuml;n&uuml; &ouml;ld&uuml;rm\u0259 h\u0259ddin\u0259 &ccedil;atd\u0131rma) madd\u0259l\u0259ri il\u0259 cinay\u0259t i\u015fi ba\u015flan\u0131b.<\/p>\n<p>Reyhan Hac\u0131yeva (ad \u015f\u0259rtidir) \u015f&uuml;bh\u0259li \u015f\u0259xs qismind\u0259 tutularaq istintaqa c\u0259lb edilib.<\/p>\n<p>Haz\u0131rda istintaq davam edir.<\/p>\n","protected":false},"excerpt":{"rendered":"<p>Avqustun 14-&uuml; saat 08 rad\u0259l\u0259rind\u0259 Bil\u0259suvar rayon sakini, 2020-ci il t\u0259v\u0259ll&uuml;dl&uuml; Zakir Hac\u0131yev\u0259 (ad \u015f\u0259rtidir) m\u0259xsus meyitin Bil\u0259suvar RMX-y\u0259 daxil olmas\u0131 bar\u0259d\u0259 rayon prokurorlu\u011funa m\u0259lumat daxil olub. Bil\u0259suvar Rayon Prokurorlu\u011fundan&nbsp;Ucnoqta.az-a&hellip;<\/p>\n","protected":false},"author":1,"featured_media":251278,"comment_status":"open","ping_status":"open","sticky":false,"template":"","format":"standard","meta":{"_lmt_disableupdate":"","_lmt_disable":"","footnotes":""},"categories":[],"tags":[],"class_list":["post-126410","post","type-post","status-publish","format-standard","has-post-thumbnail","hentry"],"_links":{"self":[{"href":"https:\/\/ucnoqta.az\/index.php?rest_route=\/wp\/v2\/posts\/126410","targetHints":{"allow":["GET"]}}],"collection":[{"href":"https:\/\/ucnoqta.az\/index.php?rest_route=\/wp\/v2\/posts"}],"about":[{"href":"https:\/\/ucnoqta.az\/index.php?rest_route=\/wp\/v2\/types\/post"}],"author":[{"embeddable":true,"href":"https:\/\/ucnoqta.az\/index.php?rest_route=\/wp\/v2\/users\/1"}],"replies":[{"embeddable":true,"href":"https:\/\/ucnoqta.az\/index.php?rest_route=%2Fwp%2Fv2%2Fcomments&post=126410"}],"version-history":[{"count":0,"href":"https:\/\/ucnoqta.az\/index.php?rest_route=\/wp\/v2\/posts\/126410\/revisions"}],"wp:featuredmedia":[{"embeddable":true,"href":"https:\/\/ucnoqta.az\/index.php?rest_route=\/wp\/v2\/media\/251278"}],"wp:attachment":[{"href":"https:\/\/ucnoqta.az\/index.php?rest_route=%2Fwp%2Fv2%2Fmedia&parent=126410"}],"wp:term":[{"taxonomy":"category","embeddable":true,"href":"https:\/\/ucnoqta.az\/index.php?rest_route=%2Fwp%2Fv2%2Fcategories&post=126410"},{"taxonomy":"post_tag","embeddable":true,"href":"https:\/\/ucnoqta.az\/index.php?rest_route=%2Fwp%2Fv2%2Ftags&post=126410"}],"curies":[{"name":"wp","href":"https:\/\/api.w.org\/{rel}","templated":true}]}}