{"id":126408,"date":"2021-08-14T13:38:18","date_gmt":"2021-08-14T09:38:18","guid":{"rendered":""},"modified":"-0001-11-30T00:00:00","modified_gmt":"-0001-11-29T20:00:00","slug":"","status":"publish","type":"post","link":"https:\/\/ucnoqta.az\/?p=126408","title":{"rendered":"Merkel istefa verdikd\u0259n sonra 15 min avro pensiya alacaq"},"content":{"rendered":"<p><strong>Almaniya kansleri Angela Merkel \u0259qa&uuml;d\u0259 &ccedil;\u0131xd\u0131qdan sonra t\u0259xmin\u0259n 15 min avro pensiya alacaq.<\/strong><\/p>\n<p>Bu bar\u0259d\u0259 Almaniyan\u0131n &quot;Focus&quot; jurnal\u0131 Vergi &Ouml;d\u0259yicil\u0259ri Birliyinin hesablamalar\u0131na istinad\u0259n bildirir.<br \/>\nBu m\u0259bl\u0259\u011f Angela Merkelin Bundestaqda uzun m&uuml;dd\u0259t qalmas\u0131 v\u0259 federal nazir v\u0259 kansler v\u0259zif\u0259l\u0259rind\u0259 &ccedil;al\u0131\u015fmas\u0131 il\u0259 izah edilir.<\/p>\n<p>Qeyd ed\u0259k ki, Angela Merkel 2005-ci ild\u0259n etibar\u0259n kansler v\u0259zif\u0259sind\u0259 &ccedil;al\u0131\u015f\u0131r. O, h\u0259m&ccedil;inin qad\u0131n v\u0259 g\u0259ncl\u0259rl\u0259 i\u015f &uuml;zr\u0259 nazir (1991-1994-c&uuml; ill\u0259rd\u0259) v\u0259 \u0259traf m&uuml;hit naziri (1994-1998-ci ill\u0259r) v\u0259zif\u0259l\u0259rind\u0259 da i\u015fl\u0259yib. Sentyabr ay\u0131nda Almaniyada ke&ccedil;iril\u0259c\u0259k parlament se&ccedil;kil\u0259rind\u0259n sonra kanslerin v\u0259zif\u0259d\u0259n ged\u0259c\u0259yi g&ouml;zl\u0259nilir.\/\/\/apa<\/p>\n<p>&nbsp;<\/p>\n","protected":false},"excerpt":{"rendered":"<p>Almaniya kansleri Angela Merkel \u0259qa&uuml;d\u0259 &ccedil;\u0131xd\u0131qdan sonra t\u0259xmin\u0259n 15 min avro pensiya alacaq. Bu bar\u0259d\u0259 Almaniyan\u0131n &quot;Focus&quot; jurnal\u0131 Vergi &Ouml;d\u0259yicil\u0259ri Birliyinin hesablamalar\u0131na istinad\u0259n bildirir. Bu m\u0259bl\u0259\u011f Angela Merkelin Bundestaqda uzun&hellip;<\/p>\n","protected":false},"author":1,"featured_media":251278,"comment_status":"open","ping_status":"open","sticky":false,"template":"","format":"standard","meta":{"_lmt_disableupdate":"","_lmt_disable":"","footnotes":""},"categories":[89],"tags":[],"class_list":["post-126408","post","type-post","status-publish","format-standard","has-post-thumbnail","hentry","category-dunya-butun-xeberler"],"_links":{"self":[{"href":"https:\/\/ucnoqta.az\/index.php?rest_route=\/wp\/v2\/posts\/126408","targetHints":{"allow":["GET"]}}],"collection":[{"href":"https:\/\/ucnoqta.az\/index.php?rest_route=\/wp\/v2\/posts"}],"about":[{"href":"https:\/\/ucnoqta.az\/index.php?rest_route=\/wp\/v2\/types\/post"}],"author":[{"embeddable":true,"href":"https:\/\/ucnoqta.az\/index.php?rest_route=\/wp\/v2\/users\/1"}],"replies":[{"embeddable":true,"href":"https:\/\/ucnoqta.az\/index.php?rest_route=%2Fwp%2Fv2%2Fcomments&post=126408"}],"version-history":[{"count":0,"href":"https:\/\/ucnoqta.az\/index.php?rest_route=\/wp\/v2\/posts\/126408\/revisions"}],"wp:featuredmedia":[{"embeddable":true,"href":"https:\/\/ucnoqta.az\/index.php?rest_route=\/wp\/v2\/media\/251278"}],"wp:attachment":[{"href":"https:\/\/ucnoqta.az\/index.php?rest_route=%2Fwp%2Fv2%2Fmedia&parent=126408"}],"wp:term":[{"taxonomy":"category","embeddable":true,"href":"https:\/\/ucnoqta.az\/index.php?rest_route=%2Fwp%2Fv2%2Fcategories&post=126408"},{"taxonomy":"post_tag","embeddable":true,"href":"https:\/\/ucnoqta.az\/index.php?rest_route=%2Fwp%2Fv2%2Ftags&post=126408"}],"curies":[{"name":"wp","href":"https:\/\/api.w.org\/{rel}","templated":true}]}}