{"id":126406,"date":"2021-08-14T13:18:02","date_gmt":"2021-08-14T09:18:02","guid":{"rendered":""},"modified":"-0001-11-30T00:00:00","modified_gmt":"-0001-11-29T20:00:00","slug":"","status":"publish","type":"post","link":"https:\/\/ucnoqta.az\/?p=126406","title":{"rendered":"Bak\u0131da \u00fc\u00e7 ay \u0259vv\u0259l yoxa \u00e7\u0131xan q\u0131z Zaqatalada tap\u0131l\u0131b &#8211; <font color=red><b>FOTO<\/b><\/font>"},"content":{"rendered":"<p><strong>Bak\u0131da &uuml;&ccedil; ay \u0259vv\u0259l yoxa &ccedil;\u0131xan q\u0131z tap\u0131l\u0131b.<\/strong><\/p>\n<p>&nbsp;2004-c&uuml; il t\u0259v\u0259ll&uuml;dl&uuml; Bak\u0131 \u015f\u0259h\u0259ri, S\u0259bail rayonu, Bay\u0131l q\u0259s\u0259b\u0259 sakini \u018fliyeva Leyla Rauf q\u0131z\u0131 itkin d&uuml;\u015fd&uuml;kd\u0259n 3 ay sonra tap\u0131l\u0131b.<\/p>\n<p>L. \u018fliyevan\u0131n anas\u0131 Rais\u0259 \u018fliyeva&nbsp;bildirib ki, q\u0131z\u0131 N\u0259rimanov Rayon Polis \u0130dar\u0259si \u0259m\u0259kda\u015flar\u0131n\u0131n ke&ccedil;irdikl\u0259ri \u0259m\u0259liyyat n\u0259tic\u0259sind\u0259 Zaqatala rayonunda a\u015fkar edilib.<\/p>\n<p>Fakt\u0131 Daxili \u0130\u015fl\u0259r Nazirliyinin M\u0259tbuat Xidm\u0259tind\u0259n&nbsp;t\u0259sdiq edibl\u0259r.<\/p>\n<p>Leyla \u018fliyevan\u0131n anas\u0131 q\u0131z\u0131n\u0131n sonradan tan\u0131\u015f oldu\u011fu r\u0259fiq\u0259si vasit\u0259sil\u0259 Zaqatala rayonuna apar\u0131ld\u0131\u011f\u0131n\u0131 v\u0259 orada tan\u0131mad\u0131\u011f\u0131 ya\u015fl\u0131 qad\u0131n v\u0259 ki\u015fi il\u0259 birlikd\u0259 saxlan\u0131ld\u0131\u011f\u0131n\u0131 bildirib.<\/p>\n<p>Xat\u0131rladaq ki, 2004-c&uuml; il t\u0259v\u0259ll&uuml;dl&uuml; \u018fliyeva Leyla Rauf q\u0131z\u0131 car\u0131 ilin may\u0131n 20-d\u0259 s\u0259h\u0259r saatlar\u0131nda S\u0259bail rayonu, Bay\u0131l q\u0259s\u0259b\u0259sind\u0259 yerl\u0259\u015f\u0259n evd\u0259n &ccedil;\u0131x\u0131b v\u0259 bir daha geri qay\u0131tmay\u0131b.\/\/\/apa<\/p>\n","protected":false},"excerpt":{"rendered":"<p>Bak\u0131da &uuml;&ccedil; ay \u0259vv\u0259l yoxa &ccedil;\u0131xan q\u0131z tap\u0131l\u0131b. &nbsp;2004-c&uuml; il t\u0259v\u0259ll&uuml;dl&uuml; Bak\u0131 \u015f\u0259h\u0259ri, S\u0259bail rayonu, Bay\u0131l q\u0259s\u0259b\u0259 sakini \u018fliyeva Leyla Rauf q\u0131z\u0131 itkin d&uuml;\u015fd&uuml;kd\u0259n 3 ay sonra tap\u0131l\u0131b. L. \u018fliyevan\u0131n&hellip;<\/p>\n","protected":false},"author":1,"featured_media":251278,"comment_status":"open","ping_status":"open","sticky":false,"template":"","format":"standard","meta":{"_lmt_disableupdate":"","_lmt_disable":"","footnotes":""},"categories":[],"tags":[],"class_list":["post-126406","post","type-post","status-publish","format-standard","has-post-thumbnail","hentry"],"_links":{"self":[{"href":"https:\/\/ucnoqta.az\/index.php?rest_route=\/wp\/v2\/posts\/126406","targetHints":{"allow":["GET"]}}],"collection":[{"href":"https:\/\/ucnoqta.az\/index.php?rest_route=\/wp\/v2\/posts"}],"about":[{"href":"https:\/\/ucnoqta.az\/index.php?rest_route=\/wp\/v2\/types\/post"}],"author":[{"embeddable":true,"href":"https:\/\/ucnoqta.az\/index.php?rest_route=\/wp\/v2\/users\/1"}],"replies":[{"embeddable":true,"href":"https:\/\/ucnoqta.az\/index.php?rest_route=%2Fwp%2Fv2%2Fcomments&post=126406"}],"version-history":[{"count":0,"href":"https:\/\/ucnoqta.az\/index.php?rest_route=\/wp\/v2\/posts\/126406\/revisions"}],"wp:featuredmedia":[{"embeddable":true,"href":"https:\/\/ucnoqta.az\/index.php?rest_route=\/wp\/v2\/media\/251278"}],"wp:attachment":[{"href":"https:\/\/ucnoqta.az\/index.php?rest_route=%2Fwp%2Fv2%2Fmedia&parent=126406"}],"wp:term":[{"taxonomy":"category","embeddable":true,"href":"https:\/\/ucnoqta.az\/index.php?rest_route=%2Fwp%2Fv2%2Fcategories&post=126406"},{"taxonomy":"post_tag","embeddable":true,"href":"https:\/\/ucnoqta.az\/index.php?rest_route=%2Fwp%2Fv2%2Ftags&post=126406"}],"curies":[{"name":"wp","href":"https:\/\/api.w.org\/{rel}","templated":true}]}}