{"id":126384,"date":"2021-08-14T10:15:27","date_gmt":"2021-08-14T06:15:27","guid":{"rendered":""},"modified":"-0001-11-30T00:00:00","modified_gmt":"-0001-11-29T20:00:00","slug":"","status":"publish","type":"post","link":"https:\/\/ucnoqta.az\/?p=126384","title":{"rendered":"Erm\u0259ni katolikosundan <font color=red><b>\u00c7A\u011eIRI\u015e: &#8220;Erm\u0259nistan \u00fc\u00e7t\u0259r\u0259fli B\u0259yannam\u0259d\u0259n imtina etm\u0259lidir&#8221;<\/b><\/font>"},"content":{"rendered":"<p><strong>Katolikos Birinci Aram Erm\u0259nistan\u0131 Putin\u0259 yox dem\u0259y\u0259 v\u0259 &uuml;&ccedil;t\u0259r\u0259fli b\u0259yanata m\u0259h\u0259l qoymama\u011fa &ccedil;a\u011f\u0131r\u0131r.<\/strong><br \/>\nKonkret.az erm\u0259ni K\u0130V-\u0259 istinad\u0259n x\u0259b\u0259r verir ki, onun bu a&ccedil;\u0131qlamas\u0131 &ouml;lk\u0259d\u0259 he&ccedil; d\u0259 g&ouml;zl\u0259nilm\u0259z olmay\u0131b.<br \/>\n&Ccedil;&uuml;nki &ldquo;B&ouml;y&uuml;k Kilikiya Evi&rdquo;nin kils\u0259 mafiyas\u0131 erm\u0259ni c\u0259miyy\u0259tini qurban verm\u0259k &uuml;&ccedil;&uuml;n \u0259lind\u0259n g\u0259l\u0259n h\u0259r \u015feyi edir. H\u0259tta bil\u0259-bil\u0259 ki, &uuml;&ccedil;t\u0259r\u0259fli raz\u0131la\u015fmadan imtina erm\u0259ni xalq\u0131n\u0131n intihar\u0131 dem\u0259kdir, kils\u0259 bu c&uuml;r &ccedil;a\u011f\u0131r\u0131\u015flardan ehtiyat etmir. Erm\u0259ni kils\u0259sinin t\u0259f\u0259kk&uuml;r&uuml;n\u0259 g&ouml;r\u0259, \u0259razil\u0259rin itirilm\u0259sinin \u0259sas g&uuml;nahkar\u0131 Erm\u0259nistan deyil, bu prosesin m&ouml;hk\u0259ml\u0259nm\u0259sin\u0259 k&ouml;m\u0259k ed\u0259n Putindir.<\/p>\n<p>Bel\u0259likl\u0259, erm\u0259ni din adamlar\u0131n\u0131n, b&uuml;t&ouml;vl&uuml;kd\u0259 kils\u0259nin erm\u0259ni xalq\u0131n\u0131 daim q\u0131r\u011f\u0131n v\u0259 m&uuml;harib\u0259y\u0259 s&uuml;r&uuml;kl\u0259diyi a&ccedil;\u0131q-a\u015fkar g&ouml;r&uuml;n&uuml;r.<\/p>\n","protected":false},"excerpt":{"rendered":"<p>Katolikos Birinci Aram Erm\u0259nistan\u0131 Putin\u0259 yox dem\u0259y\u0259 v\u0259 &uuml;&ccedil;t\u0259r\u0259fli b\u0259yanata m\u0259h\u0259l qoymama\u011fa &ccedil;a\u011f\u0131r\u0131r. Konkret.az erm\u0259ni K\u0130V-\u0259 istinad\u0259n x\u0259b\u0259r verir ki, onun bu a&ccedil;\u0131qlamas\u0131 &ouml;lk\u0259d\u0259 he&ccedil; d\u0259 g&ouml;zl\u0259nilm\u0259z olmay\u0131b. &Ccedil;&uuml;nki &ldquo;B&ouml;y&uuml;k&hellip;<\/p>\n","protected":false},"author":1,"featured_media":251278,"comment_status":"open","ping_status":"open","sticky":false,"template":"","format":"standard","meta":{"_lmt_disableupdate":"","_lmt_disable":"","footnotes":""},"categories":[],"tags":[],"class_list":["post-126384","post","type-post","status-publish","format-standard","has-post-thumbnail","hentry"],"_links":{"self":[{"href":"https:\/\/ucnoqta.az\/index.php?rest_route=\/wp\/v2\/posts\/126384","targetHints":{"allow":["GET"]}}],"collection":[{"href":"https:\/\/ucnoqta.az\/index.php?rest_route=\/wp\/v2\/posts"}],"about":[{"href":"https:\/\/ucnoqta.az\/index.php?rest_route=\/wp\/v2\/types\/post"}],"author":[{"embeddable":true,"href":"https:\/\/ucnoqta.az\/index.php?rest_route=\/wp\/v2\/users\/1"}],"replies":[{"embeddable":true,"href":"https:\/\/ucnoqta.az\/index.php?rest_route=%2Fwp%2Fv2%2Fcomments&post=126384"}],"version-history":[{"count":0,"href":"https:\/\/ucnoqta.az\/index.php?rest_route=\/wp\/v2\/posts\/126384\/revisions"}],"wp:featuredmedia":[{"embeddable":true,"href":"https:\/\/ucnoqta.az\/index.php?rest_route=\/wp\/v2\/media\/251278"}],"wp:attachment":[{"href":"https:\/\/ucnoqta.az\/index.php?rest_route=%2Fwp%2Fv2%2Fmedia&parent=126384"}],"wp:term":[{"taxonomy":"category","embeddable":true,"href":"https:\/\/ucnoqta.az\/index.php?rest_route=%2Fwp%2Fv2%2Fcategories&post=126384"},{"taxonomy":"post_tag","embeddable":true,"href":"https:\/\/ucnoqta.az\/index.php?rest_route=%2Fwp%2Fv2%2Ftags&post=126384"}],"curies":[{"name":"wp","href":"https:\/\/api.w.org\/{rel}","templated":true}]}}