{"id":126376,"date":"2021-08-14T09:06:18","date_gmt":"2021-08-14T05:06:18","guid":{"rendered":""},"modified":"-0001-11-30T00:00:00","modified_gmt":"-0001-11-29T20:00:00","slug":"","status":"publish","type":"post","link":"https:\/\/ucnoqta.az\/?p=126376","title":{"rendered":"Merkel 15 min avro pensiya alacaq"},"content":{"rendered":"<p><strong>Almaniya kansleri Angela Merkel v\u0259zif\u0259d\u0259n getdikd\u0259n sonra ayda t\u0259xmin\u0259n 15 min avro pensiya alacaq.<\/strong><\/p>\n<p>Bu bar\u0259d\u0259 Almaniya Vergi &ouml;d\u0259yicil\u0259ri federasiyas\u0131n\u0131n hesablamalar\u0131nda deyilir.<\/p>\n<p>M\u0259lumata \u0259sas\u0259n, bu m\u0259bl\u0259\u011f Merkelin uzun m&uuml;dd\u0259t Bundestaq\u0131n &uuml;zv&uuml; olmas\u0131 v\u0259 eyni zamanda Almaniya Federativ Respublikas\u0131n\u0131n kansleri v\u0259zif\u0259sini icra etm\u0259sind\u0259n ir\u0259li g\u0259lir.<\/p>\n<p>Sentyabr\u0131n 26-da Almaniyada parlament se&ccedil;kil\u0259ri ke&ccedil;iril\u0259c\u0259k v\u0259 bunun ard\u0131nca yeni h&ouml;kum\u0259t qurulacaq. Merkel namiz\u0259dliyini ir\u0259li s&uuml;rm\u0259yib v\u0259 se&ccedil;kil\u0259rd\u0259n sonra siyas\u0259td\u0259n getm\u0259k ist\u0259diyini a&ccedil;\u0131qlay\u0131b.\/\/\/trend<\/p>\n","protected":false},"excerpt":{"rendered":"<p>Almaniya kansleri Angela Merkel v\u0259zif\u0259d\u0259n getdikd\u0259n sonra ayda t\u0259xmin\u0259n 15 min avro pensiya alacaq. Bu bar\u0259d\u0259 Almaniya Vergi &ouml;d\u0259yicil\u0259ri federasiyas\u0131n\u0131n hesablamalar\u0131nda deyilir. M\u0259lumata \u0259sas\u0259n, bu m\u0259bl\u0259\u011f Merkelin uzun m&uuml;dd\u0259t Bundestaq\u0131n&hellip;<\/p>\n","protected":false},"author":1,"featured_media":251278,"comment_status":"open","ping_status":"open","sticky":false,"template":"","format":"standard","meta":{"_lmt_disableupdate":"","_lmt_disable":"","footnotes":""},"categories":[89],"tags":[],"class_list":["post-126376","post","type-post","status-publish","format-standard","has-post-thumbnail","hentry","category-dunya-butun-xeberler"],"_links":{"self":[{"href":"https:\/\/ucnoqta.az\/index.php?rest_route=\/wp\/v2\/posts\/126376","targetHints":{"allow":["GET"]}}],"collection":[{"href":"https:\/\/ucnoqta.az\/index.php?rest_route=\/wp\/v2\/posts"}],"about":[{"href":"https:\/\/ucnoqta.az\/index.php?rest_route=\/wp\/v2\/types\/post"}],"author":[{"embeddable":true,"href":"https:\/\/ucnoqta.az\/index.php?rest_route=\/wp\/v2\/users\/1"}],"replies":[{"embeddable":true,"href":"https:\/\/ucnoqta.az\/index.php?rest_route=%2Fwp%2Fv2%2Fcomments&post=126376"}],"version-history":[{"count":0,"href":"https:\/\/ucnoqta.az\/index.php?rest_route=\/wp\/v2\/posts\/126376\/revisions"}],"wp:featuredmedia":[{"embeddable":true,"href":"https:\/\/ucnoqta.az\/index.php?rest_route=\/wp\/v2\/media\/251278"}],"wp:attachment":[{"href":"https:\/\/ucnoqta.az\/index.php?rest_route=%2Fwp%2Fv2%2Fmedia&parent=126376"}],"wp:term":[{"taxonomy":"category","embeddable":true,"href":"https:\/\/ucnoqta.az\/index.php?rest_route=%2Fwp%2Fv2%2Fcategories&post=126376"},{"taxonomy":"post_tag","embeddable":true,"href":"https:\/\/ucnoqta.az\/index.php?rest_route=%2Fwp%2Fv2%2Ftags&post=126376"}],"curies":[{"name":"wp","href":"https:\/\/api.w.org\/{rel}","templated":true}]}}