{"id":126364,"date":"2021-08-13T21:33:03","date_gmt":"2021-08-13T17:33:03","guid":{"rendered":""},"modified":"-0001-11-30T00:00:00","modified_gmt":"-0001-11-29T20:00:00","slug":"","status":"publish","type":"post","link":"https:\/\/ucnoqta.az\/?p=126364","title":{"rendered":"AB\u015e s\u0259firliyi viza il\u0259 ba\u011fl\u0131 m\u0259lumat yay\u0131b"},"content":{"rendered":"<p><strong>AB\u015e-\u0131n Az\u0259rbaycandak\u0131 s\u0259firliyi viza verilm\u0259si il\u0259 ba\u011fl\u0131 m\u0259lumat yay\u0131b.<\/strong><\/p>\n<p>Ucnoqta.az x\u0259b\u0259r verir ki, s\u0259firlik COVID-19 pandemiyas\u0131 il\u0259 \u0259laqadar olaraq qeyri-m&uuml;hacir viza \u0259m\u0259liyyatlar\u0131n\u0131n adi qaydada yerin\u0259 yetiril\u0259 bilm\u0259diyini a&ccedil;\u0131qlay\u0131b:<br \/>\n&ldquo;Haz\u0131rda biz, yerli \u015f\u0259rtl\u0259r, resurslar v\u0259 t\u0259hl&uuml;k\u0259sizlik m\u0259s\u0259l\u0259l\u0259ri diqq\u0259t\u0259 al\u0131nmaqla missiya &uuml;&ccedil;&uuml;n vacib olan viza kateqoriyalar\u0131 &uuml;&ccedil;&uuml;n m\u0259hdud sayda olan g&ouml;r&uuml;\u015f vaxt\u0131 t\u0259klif edirik. S&ouml;z&uuml;ged\u0259n viza kateqoriyalar\u0131na m&uuml;raci\u0259t \u0259riz\u0259sin\u0259 \u0259saslanan i\u015f vizalar\u0131 (H1B v\u0259 L), hey\u0259t vizalar\u0131 (C1\/D), t\u0259l\u0259b\u0259 vizalar\u0131 (F v\u0259 M) v\u0259 m&uuml;badil\u0259 proqram i\u015ftirak&ccedil;ilar\u0131 &uuml;&ccedil;&uuml;n veril\u0259n (J) vizalar\u0131 aiddir. H\u0259m&ccedil;inin m&uuml;sahib\u0259d\u0259n azad olunan \u0259riz\u0259&ccedil;il\u0259rd\u0259n, onlar\u0131n son 36 ay \u0259rzind\u0259 q&uuml;vv\u0259d\u0259n d&uuml;\u015f\u0259n biznes v\u0259 turizm &uuml;&ccedil;&uuml;n veril\u0259n (B1\/B2) vizas\u0131 olduqda, yeni \u0259riz\u0259l\u0259rini q\u0259bul edirik.<\/p>\n<p>N\u0259z\u0259riniz\u0259 &ccedil;atd\u0131r\u0131r\u0131q ki, m&uuml;sahib\u0259d\u0259n azad olma prosesi yaln\u0131z Az\u0259rbaycan v\u0259t\u0259nda\u015flar\u0131na v\u0259 Az\u0259rbaycanda ya\u015fay\u0131\u015f icaz\u0259si olan \u015f\u0259xsl\u0259r\u0259 \u015famil olunur. \u018fn son viza m&uuml;raci\u0259tl\u0259ri imtina il\u0259 n\u0259tic\u0259l\u0259n\u0259n \u0259riz\u0259&ccedil;il\u0259r m&uuml;sahib\u0259d\u0259n azad olma prosesind\u0259n faydalana bilm\u0259zl\u0259r.<\/p>\n<p>\u0130\u015f h\u0259cmind\u0259n as\u0131l\u0131 olaraq, g&ouml;r&uuml;\u015f &uuml;&ccedil;&uuml;n yerl\u0259r m&uuml;vafiq qaydada a&ccedil;\u0131lacaq&rdquo;, &#8211; dey\u0259 s\u0259firliyin feysbuk s\u0259hif\u0259sind\u0259 bildirilib.<\/p>\n<p>Qeyd olunub ki, vizalar\u0131n haz\u0131r olma m&uuml;dd\u0259ti m&uuml;xt\u0259lif ola bil\u0259r, lakin bir &ccedil;ox hallarda viza prosesi \u0259riz\u0259&ccedil;il\u0259rin m&uuml;sahib\u0259sind\u0259n sonra bir ne&ccedil;\u0259 i\u015f g&uuml;n&uuml; \u0259rzind\u0259 tamamlana bil\u0259r.<\/p>\n","protected":false},"excerpt":{"rendered":"<p>AB\u015e-\u0131n Az\u0259rbaycandak\u0131 s\u0259firliyi viza verilm\u0259si il\u0259 ba\u011fl\u0131 m\u0259lumat yay\u0131b. Ucnoqta.az x\u0259b\u0259r verir ki, s\u0259firlik COVID-19 pandemiyas\u0131 il\u0259 \u0259laqadar olaraq qeyri-m&uuml;hacir viza \u0259m\u0259liyyatlar\u0131n\u0131n adi qaydada yerin\u0259 yetiril\u0259 bilm\u0259diyini a&ccedil;\u0131qlay\u0131b: &ldquo;Haz\u0131rda biz,&hellip;<\/p>\n","protected":false},"author":1,"featured_media":251278,"comment_status":"open","ping_status":"open","sticky":false,"template":"","format":"standard","meta":{"_lmt_disableupdate":"","_lmt_disable":"","footnotes":""},"categories":[],"tags":[],"class_list":["post-126364","post","type-post","status-publish","format-standard","has-post-thumbnail","hentry"],"_links":{"self":[{"href":"https:\/\/ucnoqta.az\/index.php?rest_route=\/wp\/v2\/posts\/126364","targetHints":{"allow":["GET"]}}],"collection":[{"href":"https:\/\/ucnoqta.az\/index.php?rest_route=\/wp\/v2\/posts"}],"about":[{"href":"https:\/\/ucnoqta.az\/index.php?rest_route=\/wp\/v2\/types\/post"}],"author":[{"embeddable":true,"href":"https:\/\/ucnoqta.az\/index.php?rest_route=\/wp\/v2\/users\/1"}],"replies":[{"embeddable":true,"href":"https:\/\/ucnoqta.az\/index.php?rest_route=%2Fwp%2Fv2%2Fcomments&post=126364"}],"version-history":[{"count":0,"href":"https:\/\/ucnoqta.az\/index.php?rest_route=\/wp\/v2\/posts\/126364\/revisions"}],"wp:featuredmedia":[{"embeddable":true,"href":"https:\/\/ucnoqta.az\/index.php?rest_route=\/wp\/v2\/media\/251278"}],"wp:attachment":[{"href":"https:\/\/ucnoqta.az\/index.php?rest_route=%2Fwp%2Fv2%2Fmedia&parent=126364"}],"wp:term":[{"taxonomy":"category","embeddable":true,"href":"https:\/\/ucnoqta.az\/index.php?rest_route=%2Fwp%2Fv2%2Fcategories&post=126364"},{"taxonomy":"post_tag","embeddable":true,"href":"https:\/\/ucnoqta.az\/index.php?rest_route=%2Fwp%2Fv2%2Ftags&post=126364"}],"curies":[{"name":"wp","href":"https:\/\/api.w.org\/{rel}","templated":true}]}}