{"id":126350,"date":"2021-08-13T18:25:49","date_gmt":"2021-08-13T14:25:49","guid":{"rendered":""},"modified":"-0001-11-30T00:00:00","modified_gmt":"-0001-11-29T20:00:00","slug":"","status":"publish","type":"post","link":"https:\/\/ucnoqta.az\/?p=126350","title":{"rendered":"AzTU-ya yeni prorektor t\u0259yin olunub &#8211; <font color=red><b>Foto<\/b><\/font>"},"content":{"rendered":"<p><strong>Az\u0259rbaycan Respublikas\u0131n\u0131n t\u0259hsil naziri Emin \u018fmrullayevin 11.08.2021-ci il tarixli \u0259mrin\u0259 \u0259sas\u0259n, R\u0259\u015fad \u018fliyev Az\u0259rbaycan Texniki Universitetind\u0259 (AzTU) R\u0259q\u0259msalla\u015fma v\u0259 layih\u0259l\u0259r &uuml;zr\u0259 prorektor v\u0259zif\u0259sin\u0259 t\u0259yin olunub.<\/strong><\/p>\n<p>Ucnoqta.az x\u0259b\u0259r verir ki, rektor Vilay\u0259t V\u0259liyev yeni prorektoru kollektiv\u0259 t\u0259qdim edib.<br \/>\nRektor bildirib ki, R\u0259q\u0259msalla\u015fma v\u0259 layih\u0259l\u0259r &uuml;zr\u0259 prorektor v\u0259zif\u0259si AzTU-da yeni t\u0259sis olunub.<br \/>\nBu v\u0259zif\u0259y\u0259 R\u0259\u015fad \u018fliyevin t\u0259yin olunmas\u0131 t\u0259qdir\u0259layiqdir. Rektor yeni prorektora u\u011furlar arzu edib.<\/p>\n<p>R\u0259q\u0259msalla\u015fma v\u0259 layih\u0259l\u0259r &uuml;zr\u0259 prorektor R\u0259\u015fad \u018fliyev ona g&ouml;st\u0259ril\u0259n etimada g&ouml;r\u0259 t\u0259hsil naziri Emin \u018fmrullayev\u0259 t\u0259\u015f\u0259kk&uuml;r edib. O f\u0259aliyy\u0259ti \u0259rzind\u0259 etimad\u0131 do\u011fruldaca\u011f\u0131n\u0131 bildirib.<br \/>\nQeyd ed\u0259k ki, R\u0259\u015fad \u018fliyev 1997-2003-c&uuml; ill\u0259rd\u0259 T&uuml;rkiy\u0259 Respublikas\u0131n\u0131n \u0130stanbul Universitetind\u0259 inzibati idar\u0259etm\u0259 ixtisas\u0131 &uuml;zr\u0259 bakalavr s\u0259viyy\u0259sini bitirib.<br \/>\n2012-ci ild\u0259 Az\u0259rbaycan D&ouml;vl\u0259t \u0130qtisad Universitetinin (UNEC) menecment ixtisas\u0131 &uuml;zr\u0259 (MBA proqram\u0131) magistr pill\u0259sini bitirib.<\/p>\n<p>2017-ci ild\u0259 is\u0259 ekonometriya ixtisas\u0131 &uuml;zr\u0259 m&uuml;dafi\u0259 ed\u0259r\u0259k iqtisad &uuml;zr\u0259 f\u0259ls\u0259f\u0259 doktoru olub.<br \/>\nHaz\u0131rk\u0131 t\u0259yinat\u0131na kimi R\u0259\u015fad \u018fliyev AzTU-nun &ldquo;H&Uuml;B 1887 \u0130nkubasiya v\u0259 Akselerasiya M\u0259rk\u0259zi&rdquo;nin m&uuml;diri v\u0259zif\u0259sini icra edib.<br \/>\n&nbsp;<\/p>\n","protected":false},"excerpt":{"rendered":"<p>Az\u0259rbaycan Respublikas\u0131n\u0131n t\u0259hsil naziri Emin \u018fmrullayevin 11.08.2021-ci il tarixli \u0259mrin\u0259 \u0259sas\u0259n, R\u0259\u015fad \u018fliyev Az\u0259rbaycan Texniki Universitetind\u0259 (AzTU) R\u0259q\u0259msalla\u015fma v\u0259 layih\u0259l\u0259r &uuml;zr\u0259 prorektor v\u0259zif\u0259sin\u0259 t\u0259yin olunub. Ucnoqta.az x\u0259b\u0259r verir ki, rektor&hellip;<\/p>\n","protected":false},"author":1,"featured_media":251278,"comment_status":"open","ping_status":"open","sticky":false,"template":"","format":"standard","meta":{"_lmt_disableupdate":"","_lmt_disable":"","footnotes":""},"categories":[],"tags":[],"class_list":["post-126350","post","type-post","status-publish","format-standard","has-post-thumbnail","hentry"],"_links":{"self":[{"href":"https:\/\/ucnoqta.az\/index.php?rest_route=\/wp\/v2\/posts\/126350","targetHints":{"allow":["GET"]}}],"collection":[{"href":"https:\/\/ucnoqta.az\/index.php?rest_route=\/wp\/v2\/posts"}],"about":[{"href":"https:\/\/ucnoqta.az\/index.php?rest_route=\/wp\/v2\/types\/post"}],"author":[{"embeddable":true,"href":"https:\/\/ucnoqta.az\/index.php?rest_route=\/wp\/v2\/users\/1"}],"replies":[{"embeddable":true,"href":"https:\/\/ucnoqta.az\/index.php?rest_route=%2Fwp%2Fv2%2Fcomments&post=126350"}],"version-history":[{"count":0,"href":"https:\/\/ucnoqta.az\/index.php?rest_route=\/wp\/v2\/posts\/126350\/revisions"}],"wp:featuredmedia":[{"embeddable":true,"href":"https:\/\/ucnoqta.az\/index.php?rest_route=\/wp\/v2\/media\/251278"}],"wp:attachment":[{"href":"https:\/\/ucnoqta.az\/index.php?rest_route=%2Fwp%2Fv2%2Fmedia&parent=126350"}],"wp:term":[{"taxonomy":"category","embeddable":true,"href":"https:\/\/ucnoqta.az\/index.php?rest_route=%2Fwp%2Fv2%2Fcategories&post=126350"},{"taxonomy":"post_tag","embeddable":true,"href":"https:\/\/ucnoqta.az\/index.php?rest_route=%2Fwp%2Fv2%2Ftags&post=126350"}],"curies":[{"name":"wp","href":"https:\/\/api.w.org\/{rel}","templated":true}]}}