{"id":126336,"date":"2021-08-13T16:12:51","date_gmt":"2021-08-13T12:12:51","guid":{"rendered":""},"modified":"-0001-11-30T00:00:00","modified_gmt":"-0001-11-29T20:00:00","slug":"","status":"publish","type":"post","link":"https:\/\/ucnoqta.az\/?p=126336","title":{"rendered":"Az\u0259rbaycan A\u011f\u0131r Atletika Federasiyas\u0131 yenid\u0259n t\u0259\u015fkil olunacaq"},"content":{"rendered":"<p><strong>Az\u0259rbaycan A\u011f\u0131r Atletika Federasiyas\u0131 (AAAF) tamamil\u0259 yenid\u0259n t\u0259\u015fkil olunacaq.<\/strong><\/p>\n<p>AAAF-dan veril\u0259n m\u0259lumata g&ouml;r\u0259, qurumun prezidenti Cahangir \u018fsg\u0259rov bu bar\u0259d\u0259 m&uuml;vafiq \u0259mr imzalay\u0131b.<\/p>\n<p>\u018fmr\u0259 \u0259sas\u0259n, h\u0259m&ccedil;inin ba\u015f m\u0259\u015fq&ccedil;i Asif M\u0259mm\u0259dov v\u0259 ba\u015f katib Rizvan R\u0259sulov Federasiyada tutduqlar\u0131 v\u0259zif\u0259l\u0259rd\u0259n k\u0259narla\u015fd\u0131r\u0131l\u0131blar.<\/p>\n<p>Yenid\u0259n t\u0259\u015fkil haqq\u0131nda q\u0259rar Federasiyan\u0131n v\u0259zif\u0259li \u015f\u0259xsl\u0259ri t\u0259r\u0259find\u0259n xidm\u0259ti v\u0259zif\u0259l\u0259rinin keyfiyy\u0259tsiz yerin\u0259 yetirilm\u0259si il\u0259 \u0259laq\u0259dar q\u0259bul edilib. R\u0259hb\u0259rliyin v\u0259ziyy\u0259tin yax\u015f\u0131la\u015fd\u0131r\u0131lmas\u0131 il\u0259 ba\u011fl\u0131 &ccedil;oxsayl\u0131 tap\u015f\u0131r\u0131qlar\u0131na baxmayaraq, \u0259m\u0259kda\u015flar &ouml;z i\u015fl\u0259rin\u0259 s\u0259hl\u0259nkar yana\u015fma\u011fa davam edirdil\u0259r.<\/p>\n<p>Federasiya i\u015f&ccedil;il\u0259rinin m\u0259suliyy\u0259tsiz m&uuml;nasib\u0259ti, el\u0259c\u0259 d\u0259 idman&ccedil;\u0131lar\u0131m\u0131z\u0131n antidopinq qaydalar\u0131na m\u0259h\u0259l qoymamas\u0131 Beyn\u0259lxalq A\u011f\u0131rl\u0131qqald\u0131rma Federasiyas\u0131 t\u0259r\u0259find\u0259n ciddi c\u0259rim\u0259 sanksiyalar\u0131n\u0131n t\u0259tbiq edilm\u0259sin\u0259 s\u0259b\u0259b olub.<\/p>\n<p>T\u0259kc\u0259 son d&ouml;vrd\u0259 Beyn\u0259lxalq v\u0259 Avropa A\u011f\u0131r Atletika Federasiyalar\u0131 t\u0259r\u0259find\u0259n alt\u0131 d\u0259f\u0259 Az\u0259rbaycan\u0131n a\u011f\u0131r atletika idman&ccedil;\u0131lar\u0131n\u0131n dopinqd\u0259n istifad\u0259 hallar\u0131 qeyd\u0259 al\u0131n\u0131b.<\/p>\n<p>&ldquo;At\u0131lan add\u0131mlar v\u0259 g&ouml;r&uuml;l\u0259n t\u0259dbirl\u0259r m&uuml;sb\u0259t n\u0259tic\u0259y\u0259 g\u0259tirib &ccedil;\u0131xarmay\u0131b v\u0259 v\u0259ziyy\u0259ti d&uuml;z\u0259ltm\u0259yib. Bununla \u0259laq\u0259dar Az\u0259rbaycan A\u011f\u0131r Atletika Federasiyas\u0131n\u0131n tamamil\u0259 yenid\u0259n t\u0259\u015fkili haqq\u0131nda q\u0259rar q\u0259bul etmi\u015f\u0259m. &Uuml;mid edir\u0259m ki, bu d\u0259yi\u015fiklikl\u0259r g\u0259l\u0259c\u0259kd\u0259 biz\u0259 daha yax\u015f\u0131 idman n\u0259tic\u0259l\u0259rin\u0259 nail olma\u011fa k&ouml;m\u0259k ed\u0259c\u0259k&rdquo;, &#8211; dey\u0259 Cahangir \u018fsg\u0259rov bildirib.<\/p>\n<p>Onun s&ouml;zl\u0259rin\u0259 g&ouml;r\u0259 sentyabr\u0131n sonunad\u0259k Federasiyan\u0131n yeni ba\u015f m\u0259\u015fq&ccedil;isi v\u0259 ba\u015f katibi t\u0259yin edil\u0259c\u0259k.<\/p>\n","protected":false},"excerpt":{"rendered":"<p>Az\u0259rbaycan A\u011f\u0131r Atletika Federasiyas\u0131 (AAAF) tamamil\u0259 yenid\u0259n t\u0259\u015fkil olunacaq. AAAF-dan veril\u0259n m\u0259lumata g&ouml;r\u0259, qurumun prezidenti Cahangir \u018fsg\u0259rov bu bar\u0259d\u0259 m&uuml;vafiq \u0259mr imzalay\u0131b. \u018fmr\u0259 \u0259sas\u0259n, h\u0259m&ccedil;inin ba\u015f m\u0259\u015fq&ccedil;i Asif M\u0259mm\u0259dov v\u0259&hellip;<\/p>\n","protected":false},"author":1,"featured_media":251278,"comment_status":"open","ping_status":"open","sticky":false,"template":"","format":"standard","meta":{"_lmt_disableupdate":"","_lmt_disable":"","footnotes":""},"categories":[90],"tags":[],"class_list":["post-126336","post","type-post","status-publish","format-standard","has-post-thumbnail","hentry","category-idman-butun-xeberler"],"_links":{"self":[{"href":"https:\/\/ucnoqta.az\/index.php?rest_route=\/wp\/v2\/posts\/126336","targetHints":{"allow":["GET"]}}],"collection":[{"href":"https:\/\/ucnoqta.az\/index.php?rest_route=\/wp\/v2\/posts"}],"about":[{"href":"https:\/\/ucnoqta.az\/index.php?rest_route=\/wp\/v2\/types\/post"}],"author":[{"embeddable":true,"href":"https:\/\/ucnoqta.az\/index.php?rest_route=\/wp\/v2\/users\/1"}],"replies":[{"embeddable":true,"href":"https:\/\/ucnoqta.az\/index.php?rest_route=%2Fwp%2Fv2%2Fcomments&post=126336"}],"version-history":[{"count":0,"href":"https:\/\/ucnoqta.az\/index.php?rest_route=\/wp\/v2\/posts\/126336\/revisions"}],"wp:featuredmedia":[{"embeddable":true,"href":"https:\/\/ucnoqta.az\/index.php?rest_route=\/wp\/v2\/media\/251278"}],"wp:attachment":[{"href":"https:\/\/ucnoqta.az\/index.php?rest_route=%2Fwp%2Fv2%2Fmedia&parent=126336"}],"wp:term":[{"taxonomy":"category","embeddable":true,"href":"https:\/\/ucnoqta.az\/index.php?rest_route=%2Fwp%2Fv2%2Fcategories&post=126336"},{"taxonomy":"post_tag","embeddable":true,"href":"https:\/\/ucnoqta.az\/index.php?rest_route=%2Fwp%2Fv2%2Ftags&post=126336"}],"curies":[{"name":"wp","href":"https:\/\/api.w.org\/{rel}","templated":true}]}}