{"id":126330,"date":"2021-08-13T15:21:09","date_gmt":"2021-08-13T11:21:09","guid":{"rendered":""},"modified":"-0001-11-30T00:00:00","modified_gmt":"-0001-11-29T20:00:00","slug":"","status":"publish","type":"post","link":"https:\/\/ucnoqta.az\/?p=126330","title":{"rendered":"Qubada f\u0259hl\u0259nin h\u00fcnd\u00fcrl\u00fckd\u0259n y\u0131x\u0131laraq \u00f6lm\u0259si il\u0259 ba\u011fl\u0131 cinay\u0259t i\u015fi ba\u015flan\u0131b"},"content":{"rendered":"<p><strong>Avqustun 12-si saat 17 rad\u0259l\u0259rind\u0259 Quba rayon sakini 1967-ci il t\u0259v\u0259ll&uuml;dl&uuml; Elman Abbasovun i\u015f yerind\u0259 &ouml;lm\u0259si bar\u0259d\u0259 rayon prokurorlu\u011funa m\u0259lumat daxil olub.<\/strong><\/p>\n<p>Quba Rayon Prokurorlu\u011fundan Ucnoqta.az-a&nbsp;veril\u0259n m\u0259lumata g&ouml;r\u0259,ilkin ara\u015fd\u0131rmalarla m&uuml;\u0259yy\u0259n olunub ki, Elman Abbasov f\u0259hl\u0259 i\u015fl\u0259diyi Quba \u015f\u0259h\u0259rind\u0259 yerl\u0259\u015f\u0259n &ldquo;\u015eaving \u0130n\u015faat&rdquo; MMC-y\u0259 m\u0259xsus torpaq sah\u0259sind\u0259 tikilm\u0259kd\u0259 olan &ldquo;xeyir-\u015f\u0259r evi&rdquo;nin in\u015fas\u0131 zaman\u0131 y&uuml;kqald\u0131r\u0131c\u0131n\u0131n mexanizminin pozulmas\u0131 n\u0259tic\u0259sind\u0259 h&uuml;nd&uuml;rl&uuml;kd\u0259n y\u0131x\u0131laraq ald\u0131\u011f\u0131 x\u0259sar\u0259tl\u0259rd\u0259n hadis\u0259 yerind\u0259 &ouml;l&uuml;b.<\/p>\n<p>Faktla ba\u011fl\u0131 Quba rayon prokurorlu\u011funda Cinay\u0259t M\u0259c\u0259ll\u0259sinin 222.3-c&uuml; (tikinti, m\u0259d\u0259n i\u015fl\u0259rinin v\u0259 sair i\u015fl\u0259rin apar\u0131lmas\u0131n\u0131n t\u0259hl&uuml;k\u0259sizlik qaydalar\u0131n\u0131 pozma ehtiyats\u0131zl\u0131qdan z\u0259r\u0259r&ccedil;\u0259kmi\u015f \u015f\u0259xsin &ouml;l&uuml;m&uuml;n\u0259 s\u0259b\u0259b olduqda) madd\u0259si il\u0259 cinay\u0259t i\u015fi ba\u015flan\u0131l\u0131b.<br \/>\nHaz\u0131rda i\u015f &uuml;zr\u0259 z\u0259ruri istintaq h\u0259r\u0259k\u0259tl\u0259ri davam etdirilir.<\/p>\n<p>&nbsp;<\/p>\n","protected":false},"excerpt":{"rendered":"<p>Avqustun 12-si saat 17 rad\u0259l\u0259rind\u0259 Quba rayon sakini 1967-ci il t\u0259v\u0259ll&uuml;dl&uuml; Elman Abbasovun i\u015f yerind\u0259 &ouml;lm\u0259si bar\u0259d\u0259 rayon prokurorlu\u011funa m\u0259lumat daxil olub. Quba Rayon Prokurorlu\u011fundan Ucnoqta.az-a&nbsp;veril\u0259n m\u0259lumata g&ouml;r\u0259,ilkin ara\u015fd\u0131rmalarla m&uuml;\u0259yy\u0259n&hellip;<\/p>\n","protected":false},"author":1,"featured_media":251278,"comment_status":"open","ping_status":"open","sticky":false,"template":"","format":"standard","meta":{"_lmt_disableupdate":"","_lmt_disable":"","footnotes":""},"categories":[],"tags":[],"class_list":["post-126330","post","type-post","status-publish","format-standard","has-post-thumbnail","hentry"],"_links":{"self":[{"href":"https:\/\/ucnoqta.az\/index.php?rest_route=\/wp\/v2\/posts\/126330","targetHints":{"allow":["GET"]}}],"collection":[{"href":"https:\/\/ucnoqta.az\/index.php?rest_route=\/wp\/v2\/posts"}],"about":[{"href":"https:\/\/ucnoqta.az\/index.php?rest_route=\/wp\/v2\/types\/post"}],"author":[{"embeddable":true,"href":"https:\/\/ucnoqta.az\/index.php?rest_route=\/wp\/v2\/users\/1"}],"replies":[{"embeddable":true,"href":"https:\/\/ucnoqta.az\/index.php?rest_route=%2Fwp%2Fv2%2Fcomments&post=126330"}],"version-history":[{"count":0,"href":"https:\/\/ucnoqta.az\/index.php?rest_route=\/wp\/v2\/posts\/126330\/revisions"}],"wp:featuredmedia":[{"embeddable":true,"href":"https:\/\/ucnoqta.az\/index.php?rest_route=\/wp\/v2\/media\/251278"}],"wp:attachment":[{"href":"https:\/\/ucnoqta.az\/index.php?rest_route=%2Fwp%2Fv2%2Fmedia&parent=126330"}],"wp:term":[{"taxonomy":"category","embeddable":true,"href":"https:\/\/ucnoqta.az\/index.php?rest_route=%2Fwp%2Fv2%2Fcategories&post=126330"},{"taxonomy":"post_tag","embeddable":true,"href":"https:\/\/ucnoqta.az\/index.php?rest_route=%2Fwp%2Fv2%2Ftags&post=126330"}],"curies":[{"name":"wp","href":"https:\/\/api.w.org\/{rel}","templated":true}]}}