{"id":126318,"date":"2021-08-13T13:38:30","date_gmt":"2021-08-13T09:38:30","guid":{"rendered":""},"modified":"-0001-11-30T00:00:00","modified_gmt":"-0001-11-29T20:00:00","slug":"","status":"publish","type":"post","link":"https:\/\/ucnoqta.az\/?p=126318","title":{"rendered":"Nazil\u0259 S\u0259f\u0259rli Xo\u015fq\u0259d\u0259m Hiday\u0259tq\u0131z\u0131ndan <font color=red><b>\u00dcZR \u0130ST\u018fD\u0130<\/b><\/font>"},"content":{"rendered":"<p><strong>Telejurnalist Xo\u015fq\u0259d\u0259m Hiday\u0259tq\u0131z\u0131 t\u0259r\u0259find\u0259n \u015fair\u0259 Nazil\u0259 S\u0259f\u0259rliy\u0259 qar\u015f\u0131 ir\u0259li s&uuml;r&uuml;lm&uuml;\u015f m\u0259hk\u0259m\u0259 i\u015fin\u0259 xitam verilib.<\/strong><\/p>\n<p>Ucnoqta.az x\u0259b\u0259r verir ki,&nbsp;Xo\u015fq\u0259d\u0259m Hiday\u0259tq\u0131z\u0131n\u0131n n&uuml;may\u0259nd\u0259si, v\u0259kil Qocayev Ramil Alim o\u011flunun verdiyi m\u0259lumata \u0259sas\u0259n, Nazil\u0259 S\u0259f\u0259rli t\u0259r\u0259find\u0259n Xo\u015fq\u0259d\u0259m Hiday\u0259tq\u0131z\u0131n\u0131n &ouml;z&uuml;n&uuml;n v\u0259 ail\u0259sinin t\u0259hqir olunmas\u0131, h\u0259qiq\u0259ti &ouml;z&uuml;nd\u0259 \u0259ks etdim\u0259y\u0259n b\u0259zi m\u0259lumatlar\u0131n Xo\u015fq\u0259d\u0259m t\u0259r\u0259find\u0259n s&ouml;yl\u0259m\u0259sinin i\u015f\u0131qland\u0131r\u0131lmas\u0131 v\u0259 onun (Xo\u015fq\u0259d\u0259m Hiday\u0259tq\u0131z\u0131n\u0131n) \u015f\u0259r\u0259f v\u0259 l\u0259yaq\u0259tinin al&ccedil;ald\u0131lmas\u0131n\u0131 &ouml;z&uuml;nd\u0259 \u0259ks etdir\u0259n m\u0259lumatlar\u0131n yay\u0131mas\u0131 il\u0259 m&uuml;\u015fayi\u0259t olunan m\u0259hk\u0259m\u0259 m&uuml;bahis\u0259si Bak\u0131 \u015f\u0259h\u0259ri, Nizami rayon M\u0259hk\u0259m\u0259sinin 21.02.2019-cu il tarixli, 2(007)-166\/2019 n&ouml;mr\u0259li q\u0259tnam\u0259sin\u0259 \u0259sas\u0259n, Xo\u015fq\u0259d\u0259m Hiday\u0259tq\u0131z\u0131n\u0131n ir\u0259li s&uuml;rd&uuml;y&uuml; iddia t\u0259l\u0259bl\u0259rinin t\u0259min olunmas\u0131 il\u0259 yekunla\u015fm\u0131\u015fd\u0131r. M\u0259hk\u0259m\u0259 q\u0259rar\u0131 il\u0259 Nazil\u0259 S\u0259f\u0259rli Xo\u015fq\u0259d\u0259m Hiday\u0259tq\u0131z\u0131 bar\u0259sind\u0259 dediyi fikir v\u0259 ifad\u0259l\u0259rin t\u0259kzib etm\u0259si, elc\u0259 d\u0259 m\u0259n\u0259vi ziyan\u0131n &ouml;d\u0259nilm\u0259si, t\u0259kzibin v\u0259 &uuml;zr ist\u0259m\u0259yinin Shovneys.az sayt\u0131 vasit\u0259si il\u0259 edilm\u0259si v\u0259zif\u0259si qoyulmu\u015fdur.<\/p>\n<p>Q\u0259rar\u0131n qanuni q&uuml;vv\u0259y\u0259 minm\u0259sind\u0259n sonra, m&uuml;xt\u0259lif b\u0259han\u0259l\u0259rl\u0259 q\u0259rar\u0131n icra etm\u0259kd\u0259n yay\u0131nan Nazil\u0259 S\u0259f\u0259rli axtar\u0131\u015fa verilmi\u015f v\u0259 n\u0259tic\u0259d\u0259, \u0259lav\u0259 olaraq AR-n\u0131n \u0130nzinbati X\u0259talar M\u0259c\u0259ll\u0259sinin 528-ci madd\u0259si il\u0259 500 manat m\u0259bl\u0259\u011find\u0259 c\u0259rim\u0259 olunmu\u015fdur (h\u0259min q\u0259rardan Bak\u0131 Apellyasiya M\u0259hk\u0259m\u0259sin\u0259 \u015fikay\u0259t verils\u0259 d\u0259, yen\u0259 m\u0259hk\u0259m\u0259 Nazil\u0259 S\u0259f\u0259rlinin \u015fikay\u0259tini t\u0259min etm\u0259mi\u015fdir).<\/p>\n<p>\u0130nzibati qaydada c\u0259rim\u0259l\u0259ndikd\u0259n sonra, Nazil\u0259 S\u0259f\u0259rli art\u0131q m\u0259hkm\u0259 qrar\u0131n\u0131 icra etm\u0259y\u0259 m\u0259cbur olmu\u015fdur. Bel\u0259 ki, Nizami rayon M\u0259hk\u0259m\u0259sinin 21.02.2019-cu il tarixli, 2(007)-166\/2019 n&ouml;mr\u0259li q\u0259tnam\u0259sinin icras\u0131 il\u0259 \u0259laq\u0259dar, C\u0259f\u0259rova (S\u0259f\u0259rli) Nazil\u0259 B\u0259hlul q\u0131z\u0131 Bax\u015f\u0259liyeva Xo\u015fq\u0259d\u0259m Hiday\u0259t z\u0131ndan &uuml;zr ist\u0259mi\u015fdir. Bunun da n\u0259tic\u0259si olaraq, AR-n\u0131n \u018fdliyy\u0259 Nazirliyinin, Bak\u0131 \u015f\u0259h\u0259r, Nizami rayon \u0130cra \u015e&ouml;b\u0259si t\u0259r\u0259find\u0259n &ldquo;icraata xitam verilm\u0259si bar\u0259d\u0259&rdquo; 04 avqust 2021-ci il tarxli q\u0259rar q\u0259bul olunmu\u015fdur. Bununla da, Nizami rayon M\u0259hk\u0259m\u0259sinin 21.02.2019-cu il tarixli q\u0259tnam\u0259si il\u0259 Nazil\u0259 C\u0259f\u0259rovan\u0131n &uuml;z\u0259rin\u0259 qoyulmu\u015f v\u0259zif\u0259 onun t\u0259r\u0259find\u0259n tam icra edilmi\u015f v\u0259 n\u0259tic\u0259d\u0259 q\u0259rarda g&ouml;st\u0259ril\u0259n t\u0259l\u0259bl\u0259r onun t\u0259r\u0259find\u0259n yerin\u0259 yetirilmi\u015fdir.<\/p>\n<p>\u018flav\u0259 olaraq onu da qeyd etm\u0259k ist\u0259rdim ki, Nazil\u0259 C\u0259f\u0259rova t\u0259r\u0259find\u0259n vaxt\u0131 il\u0259 Xo\u015fq\u0259d\u0259m Hiday\u0259tq\u0131z\u0131n\u0131n bar\u0259sind\u0259 i\u015fl\u0259tmi\u015f oldu\u011fu fikirl\u0259r &ldquo;Xo\u015fq\u0259d\u0259m h\u0259l\u0259 d\u0259 h\u0259zm ed\u0259 bilmir ki, \u0259rim ke&ccedil;mi\u015fd\u0259 onu yox, m\u0259ni se&ccedil;di v\u0259 m\u0259niml\u0259 ail\u0259 qurdu. Bu m\u0259s\u0259l\u0259l\u0259r\u0259 g&ouml;r\u0259 h\u0259l\u0259 d\u0259 m\u0259niml\u0259 d&uuml;\u015fm\u0259n&ccedil;ilik apar\u0131r. Qarda\u015f\u0131m\u0131n ke&ccedil;mi\u015f h\u0259yat yolda\u015f\u0131n\u0131 &ouml;yr\u0259dir v\u0259 m\u0259n\u0259 qar\u015f\u0131 a&ccedil;\u0131qlamalar edir. Xo\u015fq\u0259d\u0259m, \u0259r\u0259 d\u0259 getdin s\u0259n sakitl\u0259\u015fm\u0259din. Do\u011fu\u015fu T&uuml;rkiy\u0259d\u0259 yox, evind\u0259 saxlama\u011f\u0131 bacarsan, s\u0259n d\u0259 qad\u0131n t\u0259k xo\u015fb\u0259xt olarsan. Xo\u015fq\u0259d\u0259m xalq\u0131 t\u0259hqir edir. Xo\u015fq\u0259d\u0259m d&ouml;vl\u0259tin \u0259leyhin\u0259 gedir, yalandan efird\u0259 dan\u0131\u015f\u0131rd\u0131&rdquo; kimi ifad\u0259 v\u0259 c&uuml;ml\u0259l\u0259rd\u0259n ibar\u0259t olan yalan v\u0259 h\u0259qiq\u0259ti \u0259ks etdirm\u0259y\u0259n m\u0259lumatlar yaym\u0131\u015fd\u0131r. M\u0259hz bu fikir v\u0259 ifad\u0259l\u0259r\u0259 g&ouml;r\u0259 d\u0259, Bak\u0131 \u015f\u0259h\u0259r Nizami rayon M\u0259hk\u0259m\u0259si Xo\u015fq\u0259d\u0259m Hiday\u0259t q\u0131z\u0131n\u0131n haql\u0131 olmas\u0131 bar\u0259d\u0259 yuxar\u0131da qeyd olunan q\u0259rar\u0131n\u0131 q\u0259bul etmi\u015fdir.<\/p>\n","protected":false},"excerpt":{"rendered":"<p>Telejurnalist Xo\u015fq\u0259d\u0259m Hiday\u0259tq\u0131z\u0131 t\u0259r\u0259find\u0259n \u015fair\u0259 Nazil\u0259 S\u0259f\u0259rliy\u0259 qar\u015f\u0131 ir\u0259li s&uuml;r&uuml;lm&uuml;\u015f m\u0259hk\u0259m\u0259 i\u015fin\u0259 xitam verilib. Ucnoqta.az x\u0259b\u0259r verir ki,&nbsp;Xo\u015fq\u0259d\u0259m Hiday\u0259tq\u0131z\u0131n\u0131n n&uuml;may\u0259nd\u0259si, v\u0259kil Qocayev Ramil Alim o\u011flunun verdiyi m\u0259lumata \u0259sas\u0259n, Nazil\u0259 S\u0259f\u0259rli&hellip;<\/p>\n","protected":false},"author":1,"featured_media":251278,"comment_status":"open","ping_status":"open","sticky":false,"template":"","format":"standard","meta":{"_lmt_disableupdate":"","_lmt_disable":"","footnotes":""},"categories":[],"tags":[],"class_list":["post-126318","post","type-post","status-publish","format-standard","has-post-thumbnail","hentry"],"_links":{"self":[{"href":"https:\/\/ucnoqta.az\/index.php?rest_route=\/wp\/v2\/posts\/126318","targetHints":{"allow":["GET"]}}],"collection":[{"href":"https:\/\/ucnoqta.az\/index.php?rest_route=\/wp\/v2\/posts"}],"about":[{"href":"https:\/\/ucnoqta.az\/index.php?rest_route=\/wp\/v2\/types\/post"}],"author":[{"embeddable":true,"href":"https:\/\/ucnoqta.az\/index.php?rest_route=\/wp\/v2\/users\/1"}],"replies":[{"embeddable":true,"href":"https:\/\/ucnoqta.az\/index.php?rest_route=%2Fwp%2Fv2%2Fcomments&post=126318"}],"version-history":[{"count":0,"href":"https:\/\/ucnoqta.az\/index.php?rest_route=\/wp\/v2\/posts\/126318\/revisions"}],"wp:featuredmedia":[{"embeddable":true,"href":"https:\/\/ucnoqta.az\/index.php?rest_route=\/wp\/v2\/media\/251278"}],"wp:attachment":[{"href":"https:\/\/ucnoqta.az\/index.php?rest_route=%2Fwp%2Fv2%2Fmedia&parent=126318"}],"wp:term":[{"taxonomy":"category","embeddable":true,"href":"https:\/\/ucnoqta.az\/index.php?rest_route=%2Fwp%2Fv2%2Fcategories&post=126318"},{"taxonomy":"post_tag","embeddable":true,"href":"https:\/\/ucnoqta.az\/index.php?rest_route=%2Fwp%2Fv2%2Ftags&post=126318"}],"curies":[{"name":"wp","href":"https:\/\/api.w.org\/{rel}","templated":true}]}}