{"id":126312,"date":"2021-08-13T13:08:42","date_gmt":"2021-08-13T09:08:42","guid":{"rendered":""},"modified":"-0001-11-30T00:00:00","modified_gmt":"-0001-11-29T20:00:00","slug":"","status":"publish","type":"post","link":"https:\/\/ucnoqta.az\/?p=126312","title":{"rendered":"\u018flilliyi olan b\u0259zi \u015f\u0259xsl\u0259r avtomobili n\u00f6mr\u0259siz idar\u0259 edir &#8211; <font color=red><b>DYP<\/b><\/font>"},"content":{"rendered":"<p><strong>&ldquo;D&ouml;vl\u0259t t\u0259r\u0259find\u0259n fiziki m\u0259hdudiyy\u0259tli \u015f\u0259xsl\u0259r\u0259 verilmi\u015f n\u0259qliyyat vasit\u0259l\u0259rinin d&ouml;vl\u0259t qeydiyyat ni\u015fan\u0131 olmadan idar\u0259 edilm\u0259si v\u0259 bel\u0259 hallara qar\u015f\u0131 bigan\u0259 m&uuml;nasib\u0259t b\u0259sl\u0259nilm\u0259si il\u0259 ba\u011fl\u0131 vaxta\u015f\u0131r\u0131 olaraq k&uuml;tl\u0259vi informasiya vasit\u0259l\u0259rind\u0259, x&uuml;susil\u0259 sosial mediada m\u0259lumatlar payla\u015f\u0131l\u0131r, aktiv m&uuml;zakir\u0259l\u0259r apar\u0131l\u0131r. C\u0259miyy\u0259t &uuml;&ccedil;&uuml;n h\u0259ssas olan bu m&ouml;vzunun yenid\u0259n g&uuml;nd\u0259m\u0259 g\u0259ldiyini v\u0259 b\u0259z\u0259n d\u0259 \u0259sass\u0131z \u015f\u0259rhl\u0259rl\u0259 rastla\u015fd\u0131\u011f\u0131m\u0131z\u0131 n\u0259z\u0259r\u0259 alaraq m\u0259s\u0259l\u0259y\u0259 m&uuml;nasib\u0259t bildirm\u0259yi m\u0259qs\u0259d\u0259m&uuml;vafiq hesab edirik&rdquo;.<\/strong><\/p>\n<p>Bu bar\u0259d\u0259 D\u0130N-in Ba\u015f D&ouml;vl\u0259t Yol Polisi \u0130dar\u0259sind\u0259n Ucnoqta.az-a&nbsp;daxil olan m\u0259lumatda bildirilib.&nbsp;M\u0259lumatda qeyd olunub ki, &ouml;lk\u0259mizd\u0259 \u0259lilliyi olan \u015f\u0259xsl\u0259rin h&uuml;quqlar\u0131n\u0131n etibarl\u0131 m&uuml;dafi\u0259si v\u0259 daha da t\u0259kmill\u0259\u015fdirilm\u0259si, onlar\u0131n maddi v\u0259 m\u0259n\u0259vi t\u0259l\u0259batlar\u0131n\u0131n &ouml;d\u0259nilm\u0259si, tibbi-sosial reabilitasiyas\u0131 il\u0259 ba\u011fl\u0131 &ccedil;evik d&ouml;vl\u0259t siyas\u0259ti h\u0259yata ke&ccedil;irildiyini bu g&uuml;n h\u0259r k\u0259s yax\u015f\u0131 bilir: &ldquo;T\u0259bii ki, s\u0131ralar\u0131nda xidm\u0259ti v\u0259zif\u0259 borcunu yerin\u0259 yetir\u0259rk\u0259n sa\u011flaml\u0131\u011f\u0131n\u0131 itirmi\u015f y&uuml;zl\u0259rl\u0259 polis v\u0259 h\u0259rbi qulluq&ccedil;unun oldu\u011fu daxili i\u015fl\u0259r orqanlar\u0131n\u0131n, o c&uuml;ml\u0259d\u0259n Ba\u015f D&ouml;vl\u0259t Yol Polisi \u0130dar\u0259sinin \u0259m\u0259kda\u015flar\u0131 t\u0259r\u0259find\u0259n d\u0259 h\u0259r zaman fiziki m\u0259hdudiyy\u0259tli \u015f\u0259xsl\u0259r\u0259 x&uuml;susi diqq\u0259t v\u0259 qay\u011f\u0131 g&ouml;st\u0259rilib, \u015f\u0259fq\u0259tl\u0259 yana\u015f\u0131l\u0131b, veteranlar, a\u011fsaqqallar, tan\u0131nm\u0131\u015f \u015f\u0259xsl\u0259rl\u0259 birg\u0259 m&uuml;t\u0259madi olaraq onlarla g&ouml;r&uuml;\u015fl\u0259r t\u0259\u015fkil olunub, layih\u0259l\u0259r h\u0259yata ke&ccedil;irilib.<\/p>\n<p>Lakin, t\u0259\u0259ss&uuml;fl\u0259 qeyd edirik ki, bu g&uuml;n ictimai m&uuml;zakir\u0259y\u0259 s\u0259b\u0259b olan faktlar da dan\u0131lmazd\u0131r.&nbsp;&Ccedil;&uuml;nki \u0259lilliyi olan b\u0259zi \u015f\u0259xsl\u0259r sui-istifad\u0259 hallar\u0131na yol ver\u0259r\u0259k, n\u0259qliyyat vasit\u0259l\u0259rini d&ouml;vl\u0259t qeydiyyat ni\u015fan\u0131 olmadan n&uuml;mayi\u015fk\u0259ran\u0259 \u015f\u0259kild\u0259 idar\u0259 edir ki, bu da kobud qayda pozuntusu olmaqla yana\u015f\u0131 h\u0259m d\u0259 qanunlara v\u0259 dig\u0259r h\u0259r\u0259k\u0259t i\u015ftirak&ccedil;\u0131lar\u0131na h&ouml;rm\u0259tsizlik ifad\u0259 edir.<\/p>\n<p>Qeyd ed\u0259k ki, avtomobilin d&ouml;vl\u0259t qeydiyyat ni\u015fan\u0131 olmadan idar\u0259 edilm\u0259si inzibati m\u0259suliyy\u0259td\u0259n yay\u0131na bil\u0259c\u0259yi bar\u0259d\u0259 s&uuml;r&uuml;c&uuml;d\u0259 yanl\u0131\u015f t\u0259s\u0259vv&uuml;r formala\u015fd\u0131r\u0131r ki, bu da onu t\u0259krar v\u0259 daha t\u0259hl&uuml;k\u0259li qayda pozuntular\u0131 t&ouml;r\u0259tm\u0259y\u0259 v\u0259 dem\u0259li h\u0259m &ouml;z&uuml;n&uuml;n, h\u0259m d\u0259 dig\u0259r g&uuml;nahs\u0131z insanlar\u0131n h\u0259yat v\u0259 sa\u011flaml\u0131\u011f\u0131n\u0131n itirilm\u0259sil\u0259 n\u0259tic\u0259l\u0259n\u0259c\u0259k q\u0259zalara s&ouml;vq edir.<\/p>\n<p>Qanunun aliliyini r\u0259hb\u0259r tutaraq bel\u0259 xo\u015fag\u0259lm\u0259z hallara qar\u015f\u0131 loyal m&ouml;vqed\u0259 olmad\u0131\u011f\u0131n\u0131 d\u0259f\u0259l\u0259rl\u0259 h\u0259yata ke&ccedil;irdiyi q\u0259tiyy\u0259tli t\u0259dbirl\u0259rl\u0259 b\u0259yan ed\u0259n DYP \u0259m\u0259kda\u015flar\u0131 bu g&uuml;n d\u0259 yollarda izibati x\u0259ta t&ouml;r\u0259tmi\u015f \u0259lilliyi olan \u015f\u0259xsl\u0259ri saxlayaraq onlarla profilaktik s&ouml;hb\u0259tl\u0259r apar\u0131r, bir daha qayda pozuntular\u0131na yol verm\u0259m\u0259l\u0259rin\u0259 dair onlara x\u0259b\u0259rdarl\u0131q edirl\u0259r. X\u0259b\u0259rdarl\u0131\u011fa baxmayaraq t\u0259krar\u0259n qayda pozan s&uuml;r&uuml;c&uuml;l\u0259r bar\u0259sind\u0259 is\u0259 qanunvericiliy\u0259 uy\u011fun inzibati t\u0259nbeh t\u0259dbirl\u0259ri g&ouml;r&uuml;l&uuml;r.<\/p>\n<p>Unutmaq olmaz ki, h\u0259r zaman sevgi v\u0259 qay\u011f\u0131 il\u0259 \u0259hat\u0259 olunan fiziki m\u0259hdudiyy\u0259tli insanlar, m&uuml;harib\u0259 veteranlar\u0131 aras\u0131ndan b\u0259z\u0259n bir \u015f\u0259xsin qanunlara qar\u015f\u0131 h&ouml;rm\u0259tsizlik n&uuml;mayi\u015f etdirm\u0259si, bu kateqoriyadan olan dig\u0259r \u015f\u0259xsl\u0259r\u0259 qar\u015f\u0131 c\u0259miyy\u0259td\u0259 m\u0259nfi r\u0259yin formala\u015fmas\u0131na r\u0259vac verir&rdquo;.<\/p>\n<p>&nbsp;<\/p>\n","protected":false},"excerpt":{"rendered":"<p>&ldquo;D&ouml;vl\u0259t t\u0259r\u0259find\u0259n fiziki m\u0259hdudiyy\u0259tli \u015f\u0259xsl\u0259r\u0259 verilmi\u015f n\u0259qliyyat vasit\u0259l\u0259rinin d&ouml;vl\u0259t qeydiyyat ni\u015fan\u0131 olmadan idar\u0259 edilm\u0259si v\u0259 bel\u0259 hallara qar\u015f\u0131 bigan\u0259 m&uuml;nasib\u0259t b\u0259sl\u0259nilm\u0259si il\u0259 ba\u011fl\u0131 vaxta\u015f\u0131r\u0131 olaraq k&uuml;tl\u0259vi informasiya vasit\u0259l\u0259rind\u0259, x&uuml;susil\u0259 sosial&hellip;<\/p>\n","protected":false},"author":1,"featured_media":251278,"comment_status":"open","ping_status":"open","sticky":false,"template":"","format":"standard","meta":{"_lmt_disableupdate":"","_lmt_disable":"","footnotes":""},"categories":[],"tags":[],"class_list":["post-126312","post","type-post","status-publish","format-standard","has-post-thumbnail","hentry"],"_links":{"self":[{"href":"https:\/\/ucnoqta.az\/index.php?rest_route=\/wp\/v2\/posts\/126312","targetHints":{"allow":["GET"]}}],"collection":[{"href":"https:\/\/ucnoqta.az\/index.php?rest_route=\/wp\/v2\/posts"}],"about":[{"href":"https:\/\/ucnoqta.az\/index.php?rest_route=\/wp\/v2\/types\/post"}],"author":[{"embeddable":true,"href":"https:\/\/ucnoqta.az\/index.php?rest_route=\/wp\/v2\/users\/1"}],"replies":[{"embeddable":true,"href":"https:\/\/ucnoqta.az\/index.php?rest_route=%2Fwp%2Fv2%2Fcomments&post=126312"}],"version-history":[{"count":0,"href":"https:\/\/ucnoqta.az\/index.php?rest_route=\/wp\/v2\/posts\/126312\/revisions"}],"wp:featuredmedia":[{"embeddable":true,"href":"https:\/\/ucnoqta.az\/index.php?rest_route=\/wp\/v2\/media\/251278"}],"wp:attachment":[{"href":"https:\/\/ucnoqta.az\/index.php?rest_route=%2Fwp%2Fv2%2Fmedia&parent=126312"}],"wp:term":[{"taxonomy":"category","embeddable":true,"href":"https:\/\/ucnoqta.az\/index.php?rest_route=%2Fwp%2Fv2%2Fcategories&post=126312"},{"taxonomy":"post_tag","embeddable":true,"href":"https:\/\/ucnoqta.az\/index.php?rest_route=%2Fwp%2Fv2%2Ftags&post=126312"}],"curies":[{"name":"wp","href":"https:\/\/api.w.org\/{rel}","templated":true}]}}