{"id":126297,"date":"2021-08-13T11:24:05","date_gmt":"2021-08-13T07:24:05","guid":{"rendered":""},"modified":"-0001-11-30T00:00:00","modified_gmt":"-0001-11-29T20:00:00","slug":"","status":"publish","type":"post","link":"https:\/\/ucnoqta.az\/?p=126297","title":{"rendered":"Erm\u0259nil\u0259r La\u00e7\u0131n, \u015eu\u015fa v\u0259 Xocal\u0131n\u0131 at\u0259\u015f\u0259 tutdu"},"content":{"rendered":"<p>Erm\u0259nistan silahl\u0131 q&uuml;vv\u0259l\u0259rinin b&ouml;lm\u0259l\u0259ri avqustun 12-si saat 21:26-da Gorus rayonunun X\u0259zin\u0259var ya\u015fay\u0131\u015f m\u0259nt\u0259q\u0259sind\u0259 yerl\u0259\u015f\u0259n m&ouml;vqel\u0259rind\u0259n La&ccedil;\u0131n rayonunun Qar\u0131q\u0131\u015flaq ya\u015fay\u0131\u015f m\u0259nt\u0259q\u0259si istiqam\u0259tind\u0259 yerl\u0259\u015f\u0259n Az\u0259rbaycan Ordusunun m&ouml;vqel\u0259rini at\u0131c\u0131 silahlardan at\u0259\u015f\u0259 tutub.<\/p>\n<p>Ucnoqta.az&nbsp;x\u0259b\u0259r verir ki, bu bar\u0259d\u0259 M&uuml;dafi\u0259 Nazirliyind\u0259n m\u0259lumat verilib.<br \/>\nQeyd olunub ki, avqustun 13-&uuml; saat 02:30-dan etibar\u0259n is\u0259 Az\u0259rbaycan Ordusunun F&uuml;zuli rayonunun Yuxar\u0131 Veys\u0259lli, Xocal\u0131 rayonunun S\u0131\u011fnaq ya\u015fay\u0131\u015f m\u0259nt\u0259q\u0259l\u0259ri v\u0259 \u015eu\u015fa \u015f\u0259h\u0259ri \u0259traf\u0131ndak\u0131 m&ouml;vqel\u0259ri at\u0131c\u0131 silahlardan at\u0259\u015f\u0259 tutulub. Bu istiqam\u0259tl\u0259r\u0259 at\u0259\u015f, Rusiya s&uuml;lhm\u0259raml\u0131lar\u0131n\u0131n m&uuml;v\u0259qq\u0259ti yerl\u0259\u015fdirildiyi Az\u0259rbaycan \u0259razisind\u0259ki qanunsuz erm\u0259ni silahl\u0131 d\u0259st\u0259l\u0259ri t\u0259r\u0259find\u0259n a&ccedil;\u0131l\u0131b.<\/p>\n<p>Az\u0259rbaycan Ordusunun \u015f\u0259xsi hey\u0259ti aras\u0131nda h\u0259lak olan v\u0259 yaralanan yoxdur.<\/p>\n<p>&nbsp;<\/p>\n<p>\u018fm\u0259liyyat \u015f\u0259raiti b&ouml;lm\u0259l\u0259rimizin n\u0259zar\u0259ti alt\u0131ndad\u0131r.<\/p>\n","protected":false},"excerpt":{"rendered":"<p>Erm\u0259nistan silahl\u0131 q&uuml;vv\u0259l\u0259rinin b&ouml;lm\u0259l\u0259ri avqustun 12-si saat 21:26-da Gorus rayonunun X\u0259zin\u0259var ya\u015fay\u0131\u015f m\u0259nt\u0259q\u0259sind\u0259 yerl\u0259\u015f\u0259n m&ouml;vqel\u0259rind\u0259n La&ccedil;\u0131n rayonunun Qar\u0131q\u0131\u015flaq ya\u015fay\u0131\u015f m\u0259nt\u0259q\u0259si istiqam\u0259tind\u0259 yerl\u0259\u015f\u0259n Az\u0259rbaycan Ordusunun m&ouml;vqel\u0259rini at\u0131c\u0131 silahlardan at\u0259\u015f\u0259 tutub. Ucnoqta.az&nbsp;x\u0259b\u0259r&hellip;<\/p>\n","protected":false},"author":1,"featured_media":251278,"comment_status":"open","ping_status":"open","sticky":false,"template":"","format":"standard","meta":{"_lmt_disableupdate":"","_lmt_disable":"","footnotes":""},"categories":[],"tags":[],"class_list":["post-126297","post","type-post","status-publish","format-standard","has-post-thumbnail","hentry"],"_links":{"self":[{"href":"https:\/\/ucnoqta.az\/index.php?rest_route=\/wp\/v2\/posts\/126297","targetHints":{"allow":["GET"]}}],"collection":[{"href":"https:\/\/ucnoqta.az\/index.php?rest_route=\/wp\/v2\/posts"}],"about":[{"href":"https:\/\/ucnoqta.az\/index.php?rest_route=\/wp\/v2\/types\/post"}],"author":[{"embeddable":true,"href":"https:\/\/ucnoqta.az\/index.php?rest_route=\/wp\/v2\/users\/1"}],"replies":[{"embeddable":true,"href":"https:\/\/ucnoqta.az\/index.php?rest_route=%2Fwp%2Fv2%2Fcomments&post=126297"}],"version-history":[{"count":0,"href":"https:\/\/ucnoqta.az\/index.php?rest_route=\/wp\/v2\/posts\/126297\/revisions"}],"wp:featuredmedia":[{"embeddable":true,"href":"https:\/\/ucnoqta.az\/index.php?rest_route=\/wp\/v2\/media\/251278"}],"wp:attachment":[{"href":"https:\/\/ucnoqta.az\/index.php?rest_route=%2Fwp%2Fv2%2Fmedia&parent=126297"}],"wp:term":[{"taxonomy":"category","embeddable":true,"href":"https:\/\/ucnoqta.az\/index.php?rest_route=%2Fwp%2Fv2%2Fcategories&post=126297"},{"taxonomy":"post_tag","embeddable":true,"href":"https:\/\/ucnoqta.az\/index.php?rest_route=%2Fwp%2Fv2%2Ftags&post=126297"}],"curies":[{"name":"wp","href":"https:\/\/api.w.org\/{rel}","templated":true}]}}