{"id":126294,"date":"2021-08-13T11:09:58","date_gmt":"2021-08-13T07:09:58","guid":{"rendered":""},"modified":"-0001-11-30T00:00:00","modified_gmt":"-0001-11-29T20:00:00","slug":"","status":"publish","type":"post","link":"https:\/\/ucnoqta.az\/?p=126294","title":{"rendered":"\u0130smay\u0131ll\u0131da koronavirus x\u0259st\u0259si ictimai yerd\u0259 a\u015fkarlan\u0131b"},"content":{"rendered":"<p><strong>\u0130smay\u0131ll\u0131 Rayon Polis \u015e&ouml;b\u0259sinin \u0259m\u0259kda\u015flar\u0131 t\u0259r\u0259find\u0259n ke&ccedil;iril\u0259n m&uuml;vafiq t\u0259dbirl\u0259rl\u0259 ev \u015f\u0259raitind\u0259 m&uuml;alic\u0259 alan koronavirus x\u0259st\u0259si, rayonun \u0130vanovka k\u0259nd sakini \u0130van Prokofyevin infeksiyan\u0131n yay\u0131lmas\u0131na \u015f\u0259rait yaratd\u0131\u011f\u0131 m&uuml;\u0259yy\u0259n edilib.<\/strong><br \/>\nD\u0130N-in M\u0259tbuat Xidm\u0259tinin \u015e\u0259ki regional qrupundan&nbsp;Ucnoqta.az-a veril\u0259n m\u0259lumata g&ouml;r\u0259, COVID-19 virusunun da\u015f\u0131y\u0131c\u0131s\u0131 olan h\u0259min \u015f\u0259xs\u0259 x\u0259b\u0259rdarl\u0131q edilm\u0259sin\u0259 baxmayaraq o, karantin qaydalar\u0131n\u0131 kobud \u015f\u0259kild\u0259 pozaraq ya\u015fad\u0131\u011f\u0131 &uuml;nvan\u0131 t\u0259rk edib. Polis \u0259m\u0259kda\u015flar\u0131 t\u0259r\u0259find\u0259n h\u0259min \u015f\u0259xs k\u0259nd \u0259razisind\u0259 h\u0259r\u0259k\u0259td\u0259 olark\u0259n saxlan\u0131l\u0131b v\u0259 evin\u0259 geri qaytar\u0131l\u0131b.<br \/>\n\u0130.Prokofyev bar\u0259sind\u0259 \u0130smay\u0131ll\u0131 Rayon Polis \u015e&ouml;b\u0259sinin \u0130stintaq b&ouml;lm\u0259sind\u0259 ara\u015fd\u0131rma apar\u0131l\u0131r.<\/p>\n","protected":false},"excerpt":{"rendered":"<p>\u0130smay\u0131ll\u0131 Rayon Polis \u015e&ouml;b\u0259sinin \u0259m\u0259kda\u015flar\u0131 t\u0259r\u0259find\u0259n ke&ccedil;iril\u0259n m&uuml;vafiq t\u0259dbirl\u0259rl\u0259 ev \u015f\u0259raitind\u0259 m&uuml;alic\u0259 alan koronavirus x\u0259st\u0259si, rayonun \u0130vanovka k\u0259nd sakini \u0130van Prokofyevin infeksiyan\u0131n yay\u0131lmas\u0131na \u015f\u0259rait yaratd\u0131\u011f\u0131 m&uuml;\u0259yy\u0259n edilib. D\u0130N-in M\u0259tbuat Xidm\u0259tinin&hellip;<\/p>\n","protected":false},"author":1,"featured_media":251278,"comment_status":"open","ping_status":"open","sticky":false,"template":"","format":"standard","meta":{"_lmt_disableupdate":"","_lmt_disable":"","footnotes":""},"categories":[],"tags":[],"class_list":["post-126294","post","type-post","status-publish","format-standard","has-post-thumbnail","hentry"],"_links":{"self":[{"href":"https:\/\/ucnoqta.az\/index.php?rest_route=\/wp\/v2\/posts\/126294","targetHints":{"allow":["GET"]}}],"collection":[{"href":"https:\/\/ucnoqta.az\/index.php?rest_route=\/wp\/v2\/posts"}],"about":[{"href":"https:\/\/ucnoqta.az\/index.php?rest_route=\/wp\/v2\/types\/post"}],"author":[{"embeddable":true,"href":"https:\/\/ucnoqta.az\/index.php?rest_route=\/wp\/v2\/users\/1"}],"replies":[{"embeddable":true,"href":"https:\/\/ucnoqta.az\/index.php?rest_route=%2Fwp%2Fv2%2Fcomments&post=126294"}],"version-history":[{"count":0,"href":"https:\/\/ucnoqta.az\/index.php?rest_route=\/wp\/v2\/posts\/126294\/revisions"}],"wp:featuredmedia":[{"embeddable":true,"href":"https:\/\/ucnoqta.az\/index.php?rest_route=\/wp\/v2\/media\/251278"}],"wp:attachment":[{"href":"https:\/\/ucnoqta.az\/index.php?rest_route=%2Fwp%2Fv2%2Fmedia&parent=126294"}],"wp:term":[{"taxonomy":"category","embeddable":true,"href":"https:\/\/ucnoqta.az\/index.php?rest_route=%2Fwp%2Fv2%2Fcategories&post=126294"},{"taxonomy":"post_tag","embeddable":true,"href":"https:\/\/ucnoqta.az\/index.php?rest_route=%2Fwp%2Fv2%2Ftags&post=126294"}],"curies":[{"name":"wp","href":"https:\/\/api.w.org\/{rel}","templated":true}]}}