{"id":126287,"date":"2021-08-13T10:36:25","date_gmt":"2021-08-13T06:36:25","guid":{"rendered":""},"modified":"-0001-11-30T00:00:00","modified_gmt":"-0001-11-29T20:00:00","slug":"","status":"publish","type":"post","link":"https:\/\/ucnoqta.az\/?p=126287","title":{"rendered":"\u201cYA\u015eAT\u201d\u0131n Himay\u0259\u00e7ilik \u015euras\u0131n\u0131n \u00fczv\u00fc a\u011f\u0131r yaral\u0131 qazil\u0259rimizi m\u00fcayin\u0259 etdi &#8211; <font color=red><b>FOTO<\/b><\/font>"},"content":{"rendered":"<p><strong>&ldquo;YA\u015eAT&rdquo; Fondu t\u0259r\u0259find\u0259n yaral\u0131lar\u0131m\u0131z\u0131n m&uuml;alic\u0259si istiqam\u0259tind\u0259 t\u0259dbirl\u0259r davam etdirilir.<\/strong><\/p>\n<p>Fonddan Ucnoqta.az-a bildirilib ki, qeyd olunan t\u0259dbirl\u0259r &ccedil;\u0259r&ccedil;iv\u0259sind\u0259 Fondun Himay\u0259&ccedil;ilik \u015euras\u0131n\u0131n &uuml;zv&uuml;, Kopenhagen Universitetinin nevrologiya &uuml;zr\u0259 professor v\u0259 ba\u015f m\u0259sl\u0259h\u0259t&ccedil;isi, Beyn\u0259lxalq Ba\u015f A\u011fr\u0131lar\u0131 C\u0259miyy\u0259tinin r\u0259hb\u0259ri v\u0259 \u0130nsan Miqreni Ara\u015fd\u0131rma Birliyinin direktoru M\u0259sud A\u015fina t\u0259r\u0259find\u0259n yaral\u0131lar\u0131m\u0131z\u0131n m&uuml;ayin\u0259si h\u0259yata ke&ccedil;irilib.<\/p>\n<p>Bel\u0259 ki,&nbsp;M\u0259sud A\u015fina v\u0259 dig\u0259r h\u0259kim hey\u0259ti \u015fidd\u0259tli ba\u015f a\u011fr\u0131lar\u0131ndan \u0259ziyy\u0259t &ccedil;\u0259k\u0259n yaral\u0131lar\u0131m\u0131z\u0131 m&uuml;ayin\u0259 ed\u0259r\u0259k,&nbsp;h\u0259r birin\u0259 uy\u011fun m&uuml;alic\u0259 t\u0259yin edib.<\/p>\n<p>Xat\u0131rladaq ki, &ldquo;YA\u015eAT&rdquo; Fondunun Himay\u0259&ccedil;ilik \u015euras\u0131n\u0131n &uuml;zv&uuml;, Danimarkada Az\u0259rbaycan diasporunun f\u0259al &uuml;zv&uuml;, az\u0259rbaycanl\u0131 tibb professoru M\u0259sud A\u015fina ba\u015f a\u011fr\u0131lar\u0131 sah\u0259sind\u0259 d&uuml;nyan\u0131n \u0259n m\u0259hsuldar alimi se&ccedil;ilib.<\/p>\n<p>\u018fsas qay\u0259si d&uuml;nyan\u0131n \u0259n bilikli h\u0259kiml\u0259rini v\u0259 sa\u011flaml\u0131q m&uuml;t\u0259x\u0259ssisl\u0259rini tapma\u011fa k&ouml;m\u0259k etm\u0259k olan &ldquo;Expertscape&rdquo; n\u0259\u015frinin son on il \u0259rzind\u0259 d&uuml;nyada ba\u015f a\u011fr\u0131lar\u0131 sah\u0259sind\u0259 \u0259n y&uuml;ks\u0259k m\u0259hsuldarl\u0131q g&ouml;st\u0259rmi\u015f v\u0259 elmi t&ouml;hf\u0259 vermi\u015f aliml\u0259rin siyah\u0131s\u0131nda professor M\u0259sud A\u015fina birinci yerd\u0259 q\u0259rarla\u015f\u0131b.<\/p>\n<p>Az\u0259rbaycan Respublikas\u0131n\u0131n Prezidenti \u0130lham \u018fliyevin m&uuml;vafiq S\u0259r\u0259ncam\u0131 il\u0259 M\u0259sud A\u015fina &ldquo;YA\u015eAT&rdquo; Fondunun Himay\u0259&ccedil;ilik \u015euras\u0131n\u0131n &uuml;zv&uuml; se&ccedil;ilib.<\/p>\n","protected":false},"excerpt":{"rendered":"<p>&ldquo;YA\u015eAT&rdquo; Fondu t\u0259r\u0259find\u0259n yaral\u0131lar\u0131m\u0131z\u0131n m&uuml;alic\u0259si istiqam\u0259tind\u0259 t\u0259dbirl\u0259r davam etdirilir. Fonddan Ucnoqta.az-a bildirilib ki, qeyd olunan t\u0259dbirl\u0259r &ccedil;\u0259r&ccedil;iv\u0259sind\u0259 Fondun Himay\u0259&ccedil;ilik \u015euras\u0131n\u0131n &uuml;zv&uuml;, Kopenhagen Universitetinin nevrologiya &uuml;zr\u0259 professor v\u0259 ba\u015f m\u0259sl\u0259h\u0259t&ccedil;isi, Beyn\u0259lxalq&hellip;<\/p>\n","protected":false},"author":1,"featured_media":251278,"comment_status":"open","ping_status":"open","sticky":false,"template":"","format":"standard","meta":{"_lmt_disableupdate":"","_lmt_disable":"","footnotes":""},"categories":[101],"tags":[],"class_list":["post-126287","post","type-post","status-publish","format-standard","has-post-thumbnail","hentry","category-cemiyyet"],"_links":{"self":[{"href":"https:\/\/ucnoqta.az\/index.php?rest_route=\/wp\/v2\/posts\/126287","targetHints":{"allow":["GET"]}}],"collection":[{"href":"https:\/\/ucnoqta.az\/index.php?rest_route=\/wp\/v2\/posts"}],"about":[{"href":"https:\/\/ucnoqta.az\/index.php?rest_route=\/wp\/v2\/types\/post"}],"author":[{"embeddable":true,"href":"https:\/\/ucnoqta.az\/index.php?rest_route=\/wp\/v2\/users\/1"}],"replies":[{"embeddable":true,"href":"https:\/\/ucnoqta.az\/index.php?rest_route=%2Fwp%2Fv2%2Fcomments&post=126287"}],"version-history":[{"count":0,"href":"https:\/\/ucnoqta.az\/index.php?rest_route=\/wp\/v2\/posts\/126287\/revisions"}],"wp:featuredmedia":[{"embeddable":true,"href":"https:\/\/ucnoqta.az\/index.php?rest_route=\/wp\/v2\/media\/251278"}],"wp:attachment":[{"href":"https:\/\/ucnoqta.az\/index.php?rest_route=%2Fwp%2Fv2%2Fmedia&parent=126287"}],"wp:term":[{"taxonomy":"category","embeddable":true,"href":"https:\/\/ucnoqta.az\/index.php?rest_route=%2Fwp%2Fv2%2Fcategories&post=126287"},{"taxonomy":"post_tag","embeddable":true,"href":"https:\/\/ucnoqta.az\/index.php?rest_route=%2Fwp%2Fv2%2Ftags&post=126287"}],"curies":[{"name":"wp","href":"https:\/\/api.w.org\/{rel}","templated":true}]}}