{"id":126277,"date":"2021-08-13T08:10:04","date_gmt":"2021-08-13T04:10:04","guid":{"rendered":""},"modified":"-0001-11-30T00:00:00","modified_gmt":"-0001-11-29T20:00:00","slug":"","status":"publish","type":"post","link":"https:\/\/ucnoqta.az\/?p=126277","title":{"rendered":"\u201cTaliban\u201d \u018ffqan\u0131stan\u0131n daha bir \u015f\u0259h\u0259rini \u0259l\u0259 ke\u00e7irib"},"content":{"rendered":"<p><strong>Radikal &ldquo;Taliban&rdquo; h\u0259r\u0259kat\u0131n\u0131n silahl\u0131lar\u0131 \u018ffqan\u0131stan\u0131n daha bir \u015f\u0259h\u0259rini \u0259l\u0259 ke&ccedil;irib.<\/strong><\/p>\n<p>&ldquo;Report&rdquo;&nbsp;x\u0259b\u0259r verir ki, bu bar\u0259d\u0259 &ldquo;Agency France Presse&rdquo; m\u0259lumat yay\u0131b.<\/p>\n<p>M\u0259lumata g&ouml;r\u0259, silahl\u0131lar &ouml;lk\u0259nin c\u0259nubundak\u0131 G&uuml;lm\u0259nd \u0259yal\u0259tinin inzibati m\u0259rk\u0259zi La\u015fqarqah \u015f\u0259h\u0259rini q\u0259sb edibl\u0259r.<\/p>\n<p>\u018ffqan\u0131stan\u0131n t\u0259hl&uuml;k\u0259sizlik orqnalar\u0131ndan bildirilib ki, &ldquo;talibl\u0259r&rdquo; h\u0259rb&ccedil;il\u0259rin v\u0259 dinxc sakinl\u0259rin \u015f\u0259h\u0259red\u0259n &ccedil;\u0131xmalar\u0131 &uuml;&ccedil;&uuml;n 48 saatl\u0131q at\u0259\u015fk\u0259s rejimi t\u0259tbiq edibl\u0259r.<\/p>\n","protected":false},"excerpt":{"rendered":"<p>Radikal &ldquo;Taliban&rdquo; h\u0259r\u0259kat\u0131n\u0131n silahl\u0131lar\u0131 \u018ffqan\u0131stan\u0131n daha bir \u015f\u0259h\u0259rini \u0259l\u0259 ke&ccedil;irib. &ldquo;Report&rdquo;&nbsp;x\u0259b\u0259r verir ki, bu bar\u0259d\u0259 &ldquo;Agency France Presse&rdquo; m\u0259lumat yay\u0131b. M\u0259lumata g&ouml;r\u0259, silahl\u0131lar &ouml;lk\u0259nin c\u0259nubundak\u0131 G&uuml;lm\u0259nd \u0259yal\u0259tinin inzibati m\u0259rk\u0259zi La\u015fqarqah&hellip;<\/p>\n","protected":false},"author":1,"featured_media":251278,"comment_status":"open","ping_status":"open","sticky":false,"template":"","format":"standard","meta":{"_lmt_disableupdate":"","_lmt_disable":"","footnotes":""},"categories":[89],"tags":[],"class_list":["post-126277","post","type-post","status-publish","format-standard","has-post-thumbnail","hentry","category-dunya-butun-xeberler"],"_links":{"self":[{"href":"https:\/\/ucnoqta.az\/index.php?rest_route=\/wp\/v2\/posts\/126277","targetHints":{"allow":["GET"]}}],"collection":[{"href":"https:\/\/ucnoqta.az\/index.php?rest_route=\/wp\/v2\/posts"}],"about":[{"href":"https:\/\/ucnoqta.az\/index.php?rest_route=\/wp\/v2\/types\/post"}],"author":[{"embeddable":true,"href":"https:\/\/ucnoqta.az\/index.php?rest_route=\/wp\/v2\/users\/1"}],"replies":[{"embeddable":true,"href":"https:\/\/ucnoqta.az\/index.php?rest_route=%2Fwp%2Fv2%2Fcomments&post=126277"}],"version-history":[{"count":0,"href":"https:\/\/ucnoqta.az\/index.php?rest_route=\/wp\/v2\/posts\/126277\/revisions"}],"wp:featuredmedia":[{"embeddable":true,"href":"https:\/\/ucnoqta.az\/index.php?rest_route=\/wp\/v2\/media\/251278"}],"wp:attachment":[{"href":"https:\/\/ucnoqta.az\/index.php?rest_route=%2Fwp%2Fv2%2Fmedia&parent=126277"}],"wp:term":[{"taxonomy":"category","embeddable":true,"href":"https:\/\/ucnoqta.az\/index.php?rest_route=%2Fwp%2Fv2%2Fcategories&post=126277"},{"taxonomy":"post_tag","embeddable":true,"href":"https:\/\/ucnoqta.az\/index.php?rest_route=%2Fwp%2Fv2%2Ftags&post=126277"}],"curies":[{"name":"wp","href":"https:\/\/api.w.org\/{rel}","templated":true}]}}