{"id":126258,"date":"2021-08-12T21:55:00","date_gmt":"2021-08-12T17:55:00","guid":{"rendered":""},"modified":"-0001-11-30T00:00:00","modified_gmt":"-0001-11-29T20:00:00","slug":"","status":"publish","type":"post","link":"https:\/\/ucnoqta.az\/?p=126258","title":{"rendered":"T\u00fcrkiy\u0259d\u0259 b\u00fct\u00fcn me\u015f\u0259 yan\u011f\u0131nlar\u0131 s\u00f6nd\u00fcr\u00fcl\u00fcb"},"content":{"rendered":"<p>Haz\u0131rda T&uuml;rkiy\u0259d\u0259 s&ouml;nd&uuml;r&uuml;lm\u0259y\u0259n me\u015f\u0259 yan\u011f\u0131nlar\u0131 qalmay\u0131b.<\/p>\n<p>&ldquo;Report&rdquo;&nbsp;x\u0259b\u0259r verir ki, bu bar\u0259d\u0259 T&uuml;rkiy\u0259nin k\u0259nd t\u0259s\u0259rr&uuml;fat\u0131 v\u0259 me\u015f\u0259&ccedil;ilik naziri Bekir Pakdemirli bildirib.<\/p>\n<p>&quot;&Ouml;lk\u0259mizd\u0259ki b&uuml;t&uuml;n me\u015f\u0259 yan\u011f\u0131nlar\u0131 s&ouml;nd&uuml;r&uuml;l&uuml;b&quot;, &#8211; dey\u0259 Pakdemirli&nbsp;tvitterd\u0259ki hesab\u0131nda yaz\u0131b.<\/p>\n<p>O, \u0259lav\u0259 edib ki, b&ouml;y&uuml;k me\u015f\u0259 yan\u011f\u0131nlar\u0131n\u0131n ba\u015flad\u0131\u011f\u0131 28 iyuldan T&uuml;rkiy\u0259nin 54 \u0259yal\u0259tind\u0259 299 yan\u011f\u0131n oca\u011f\u0131 n\u0259zar\u0259t alt\u0131na al\u0131n\u0131b v\u0259 s&ouml;nd&uuml;r&uuml;l&uuml;b.<\/p>\n<p>&ldquo;N\u0259f\u0259simiz &uuml;&ccedil;&uuml;n sava\u015fan me\u015f\u0259 q\u0259hr\u0259manlar\u0131 var olun&rdquo;, &#8211; dey\u0259 nazir dig\u0259r payla\u015f\u0131m\u0131nda bildirib.<\/p>\n<p>Daha \u0259vv\u0259l &ouml;lk\u0259nin S\u0259hiyy\u0259 Nazirliyinin ba\u015f&ccedil;\u0131s\u0131 Fahrettin Koca bildirib ki, T&uuml;rkiy\u0259d\u0259 me\u015f\u0259 yan\u011f\u0131nlar\u0131 zaman\u0131 &ouml;l\u0259nl\u0259rin say\u0131 8 n\u0259f\u0259r\u0259 &ccedil;at\u0131b, z\u0259r\u0259r&ccedil;\u0259k\u0259nl\u0259rin say\u0131 860 n\u0259f\u0259ri &ouml;t&uuml;b.<\/p>\n","protected":false},"excerpt":{"rendered":"<p>Haz\u0131rda T&uuml;rkiy\u0259d\u0259 s&ouml;nd&uuml;r&uuml;lm\u0259y\u0259n me\u015f\u0259 yan\u011f\u0131nlar\u0131 qalmay\u0131b. &ldquo;Report&rdquo;&nbsp;x\u0259b\u0259r verir ki, bu bar\u0259d\u0259 T&uuml;rkiy\u0259nin k\u0259nd t\u0259s\u0259rr&uuml;fat\u0131 v\u0259 me\u015f\u0259&ccedil;ilik naziri Bekir Pakdemirli bildirib. &quot;&Ouml;lk\u0259mizd\u0259ki b&uuml;t&uuml;n me\u015f\u0259 yan\u011f\u0131nlar\u0131 s&ouml;nd&uuml;r&uuml;l&uuml;b&quot;, &#8211; dey\u0259 Pakdemirli&nbsp;tvitterd\u0259ki hesab\u0131nda yaz\u0131b.&hellip;<\/p>\n","protected":false},"author":1,"featured_media":251278,"comment_status":"open","ping_status":"open","sticky":false,"template":"","format":"standard","meta":{"_lmt_disableupdate":"","_lmt_disable":"","footnotes":""},"categories":[],"tags":[],"class_list":["post-126258","post","type-post","status-publish","format-standard","has-post-thumbnail","hentry"],"_links":{"self":[{"href":"https:\/\/ucnoqta.az\/index.php?rest_route=\/wp\/v2\/posts\/126258","targetHints":{"allow":["GET"]}}],"collection":[{"href":"https:\/\/ucnoqta.az\/index.php?rest_route=\/wp\/v2\/posts"}],"about":[{"href":"https:\/\/ucnoqta.az\/index.php?rest_route=\/wp\/v2\/types\/post"}],"author":[{"embeddable":true,"href":"https:\/\/ucnoqta.az\/index.php?rest_route=\/wp\/v2\/users\/1"}],"replies":[{"embeddable":true,"href":"https:\/\/ucnoqta.az\/index.php?rest_route=%2Fwp%2Fv2%2Fcomments&post=126258"}],"version-history":[{"count":0,"href":"https:\/\/ucnoqta.az\/index.php?rest_route=\/wp\/v2\/posts\/126258\/revisions"}],"wp:featuredmedia":[{"embeddable":true,"href":"https:\/\/ucnoqta.az\/index.php?rest_route=\/wp\/v2\/media\/251278"}],"wp:attachment":[{"href":"https:\/\/ucnoqta.az\/index.php?rest_route=%2Fwp%2Fv2%2Fmedia&parent=126258"}],"wp:term":[{"taxonomy":"category","embeddable":true,"href":"https:\/\/ucnoqta.az\/index.php?rest_route=%2Fwp%2Fv2%2Fcategories&post=126258"},{"taxonomy":"post_tag","embeddable":true,"href":"https:\/\/ucnoqta.az\/index.php?rest_route=%2Fwp%2Fv2%2Ftags&post=126258"}],"curies":[{"name":"wp","href":"https:\/\/api.w.org\/{rel}","templated":true}]}}