{"id":126256,"date":"2021-08-12T21:30:33","date_gmt":"2021-08-12T17:30:33","guid":{"rendered":""},"modified":"-0001-11-30T00:00:00","modified_gmt":"-0001-11-29T20:00:00","slug":"","status":"publish","type":"post","link":"https:\/\/ucnoqta.az\/?p=126256","title":{"rendered":"\u015e\u0259hid zabitin xatir\u0259si an\u0131l\u0131b &#8211;\u00a0<font color=red><b>FOTO<\/b><\/font>"},"content":{"rendered":"<p>&quot;Q\u0259l\u0259b\u0259 mar\u015f\u0131&quot; il\u0259 ba\u015fa &ccedil;atan t\u0259dbird\u0259 \u015f\u0259hid zabitin xatir\u0259si an\u0131l\u0131b.<\/p>\n<p>M&uuml;dafi\u0259 Nazirliyind\u0259n&nbsp;Ucnoqta.az-a veril\u0259n m\u0259lumata g&ouml;r\u0259, Az\u0259rbaycan Ordusunun igid d&ouml;y&uuml;\u015f&ccedil;&uuml;l\u0259rind\u0259n biri olan kapitan \u018fkb\u0259r P\u0259nahov &quot;D\u0259mir Yumruq&quot; \u0259m\u0259liyyat\u0131 il\u0259 ba\u015flanan v\u0259 Erm\u0259nistan\u0131n r&uuml;svay&ccedil;\u0131 m\u0259\u011flubiyy\u0259ti il\u0259 ba\u015fa &ccedil;atan V\u0259t\u0259n m&uuml;harib\u0259sinin ilk g&uuml;n&uuml;nd\u0259 b&ouml;y&uuml;k q\u0259l\u0259b\u0259y\u0259 inam, d&uuml;\u015fm\u0259n\u0259 nifr\u0259t hissi il\u0259 d&ouml;y&uuml;\u015f meydan\u0131na at\u0131lm\u0131\u015f v\u0259 Murovda\u011f\u0131n strateji y&uuml;ks\u0259klikl\u0259rinin azad olunmas\u0131 u\u011frunda h\u0259rbi \u0259m\u0259liyyatlarda f\u0259al i\u015ftirak edib.<\/p>\n<p>Motoat\u0131c\u0131 taborun q\u0259rargah b&ouml;l&uuml;y&uuml;n&uuml;n tank \u0259leyhin\u0259 taq\u0131m\u0131n\u0131n komandiri v\u0259zif\u0259sind\u0259n motoat\u0131c\u0131 tabor komandirinin m&uuml;avini v\u0259zif\u0259sin\u0259 v\u0259 &quot;kapitan&quot; h\u0259rbi r&uuml;tb\u0259sin\u0259 y&uuml;ks\u0259l\u0259n pe\u015f\u0259kar v\u0259 t\u0259cr&uuml;b\u0259li zabitimiz g\u0259rgin ke&ccedil;\u0259n d&ouml;y&uuml;\u015fl\u0259rd\u0259 silahda\u015flar\u0131 il\u0259 birlikd\u0259 d&uuml;\u015fm\u0259n\u0259 canl\u0131 q&uuml;vv\u0259 v\u0259 h\u0259rbi texnika sar\u0131dan xeyli itki vermi\u015f v\u0259 m&uuml;harib\u0259nin &uuml;&ccedil;&uuml;nc&uuml; g&uuml;n&uuml;nd\u0259 itkin d&uuml;\u015f&uuml;b.<\/p>\n<p>D&ouml;vl\u0259timizin ba\u015f&ccedil;\u0131s\u0131 Ali Ba\u015f Komandan \u0130lham \u018fliyevin tap\u015f\u0131r\u0131\u011f\u0131, M&uuml;dafi\u0259 Nazirliyi v\u0259 dig\u0259r d&ouml;vl\u0259t strukturlar\u0131n\u0131n beyn\u0259lxalq t\u0259\u015fkilatlarla apard\u0131\u011f\u0131 dan\u0131\u015f\u0131qlar v\u0259 axtar\u0131\u015flar\u0131n say\u0259sind\u0259 \u015f\u0259hidin n\u0259\u015fi 9 aydan sonra Bak\u0131ya g\u0259tirilmi\u015f, \u0130kinci \u015e\u0259hidl\u0259r xiyaban\u0131nda h\u0259rbi v\u0259 dini \u0259n\u0259n\u0259l\u0259r\u0259 uy\u011fun olaraq d\u0259fn edilib.<\/p>\n<p>P\u0259nahovlar ail\u0259si bu m&uuml;dd\u0259t \u0259rzind\u0259 h\u0259mi\u015f\u0259 t\u0259mkin, d&ouml;z&uuml;m n&uuml;mayi\u015f etdirmi\u015f v\u0259 &ouml;lk\u0259 ba\u015f&ccedil;\u0131s\u0131n\u0131n \u015f\u0259hid ail\u0259sinin tezlikl\u0259 intizar\u0131na son qoyaca\u011f\u0131na inan\u0131b.<\/p>\n<p>M&uuml;dafi\u0259 Nazirliyi v\u0259 X\u0259tai rayon \u0130cra Hakimiyy\u0259tinin r\u0259smil\u0259ri, ail\u0259 &uuml;zvl\u0259ri, G&uuml;rc&uuml;stan Respublikas\u0131ndan g\u0259l\u0259n qohumlar\u0131, d&ouml;y&uuml;\u015f&ccedil;&uuml; dostlar\u0131 v\u0259 ictimaiyy\u0259t n&uuml;may\u0259nd\u0259l\u0259ri igid zabitimiz \u018f.P\u0259nahovun do\u011fum g&uuml;n&uuml; m&uuml;nasib\u0259ti il\u0259 \u0130kinci \u015e\u0259hidl\u0259r xiyaban\u0131na g\u0259l\u0259r\u0259k \u015f\u0259hidin m\u0259zar\u0131n\u0131 ziyar\u0259t edib, &ouml;n&uuml;n\u0259 &ccedil;\u0259l\u0259ng v\u0259 g&uuml;ll\u0259r d&uuml;z&uuml;b, xatir\u0259sini ehtiramla yad edibl\u0259r. \u015e\u0259hidl\u0259rin ruhuna dualar oxunduqdan sonra \u015fam a\u011faclar\u0131n\u0131n k&ouml;lg\u0259sind\u0259 igid d&ouml;y&uuml;\u015f&ccedil;&uuml;n&uuml;n do\u011fum g&uuml;n&uuml;n\u0259 h\u0259sr olunmu\u015f xatir\u0259 m\u0259rasimi ke&ccedil;irilib.<\/p>\n<p>Az\u0259rbaycan\u0131n \u0259razi b&uuml;t&ouml;vl&uuml;y&uuml;n&uuml;n qorunmas\u0131 v\u0259 b\u0259rpas\u0131nda, el\u0259c\u0259 d\u0259 tarixi torpaqlar\u0131m\u0131z\u0131n i\u015f\u011faldan azad edilm\u0259sind\u0259 h\u0259m Birinci, h\u0259m d\u0259 \u0130kinci Qaraba\u011f m&uuml;harib\u0259sind\u0259 \u015f\u0259hid olanlar\u0131n xatir\u0259si bir d\u0259qiq\u0259lik s&uuml;kutla yad edilib, h\u0259rbi orkestrin m&uuml;\u015fayi\u0259ti il\u0259 Az\u0259rbaycan Respublikas\u0131n\u0131n D&ouml;vl\u0259t Himni ifa olunub.<\/p>\n<p>Polkovnik Abdulla Qurbani \u015f\u0259hidin otuz illik q\u0131sa, lakin \u015f\u0259r\u0259fli &ouml;m&uuml;r v\u0259 d&ouml;y&uuml;\u015f yolundan dan\u0131\u015f\u0131b, Murovda\u011f d&ouml;y&uuml;\u015fl\u0259ri haqq\u0131nda xatir\u0259l\u0259rini s&ouml;yl\u0259yib v\u0259 unudulmaz Xalq \u015fairimiz M\u0259mm\u0259d Araz\u0131n h\u0259l\u0259 1994-c&uuml; ild\u0259 Murovda\u011f qartallar\u0131 il\u0259 g&ouml;r&uuml;\u015fd\u0259 dediyi fikirl\u0259ri yada sal\u0131b. O vaxt &Ouml;m\u0259r a\u015f\u0131r\u0131m\u0131nda ke&ccedil;iril\u0259n g&ouml;r&uuml;\u015fd\u0259 sevimli Xalq \u015fairimiz demi\u015fdir: &ldquo;Murov \u0259sg\u0259rinin bir g&uuml;n&uuml;n&uuml; ya\u015fama\u011f\u0131n &ouml;z&uuml; d\u0259 bir &ouml;m&uuml;rd&uuml;r. S\u0259rt \u015faxtayla, &ccedil;ov\u011funla, boranla &uuml;z-&uuml;z\u0259 dayanaraq V\u0259t\u0259n torpaqlar\u0131n\u0131n ke\u015fiyini &ccedil;\u0259k\u0259n h\u0259r bir Murov d&ouml;y&uuml;\u015f&ccedil;&uuml;s&uuml;n&uuml;n h&uuml;n\u0259ri bir q\u0259hramanl\u0131q dastan\u0131d\u0131r&rdquo;.<\/p>\n<p>Bu m\u0259nada, \u015f\u0259hid \u018f.P\u0259nahovun h\u0259yat\u0131 v\u0259 xidm\u0259ti d\u0259 bir q\u0259hr\u0259manl\u0131q dastan\u0131d\u0131r.<\/p>\n<p>N\u0259z\u0259r\u0259 &ccedil;atd\u0131r\u0131l\u0131b ki, \u018f.P\u0259nahov 1990-c\u0131 il avqustun 12-d\u0259 G&uuml;rc&uuml;stan Respublikas\u0131n\u0131n indiki Bolnisi rayonunun Musopriani (tarixi Babaki\u015filil\u0259r) k\u0259ndind\u0259 do\u011fulub v\u0259 valideynl\u0259ri il\u0259 birlikd\u0259 Bak\u0131 \u015f\u0259h\u0259rin\u0259 k&ouml;&ccedil;&uuml;bl\u0259r. Bak\u0131 \u015f\u0259h\u0259rind\u0259ki 269 sayl\u0131 orta m\u0259kt\u0259bd\u0259 t\u0259hsil al\u0131b. Sonra is\u0259 taleyini V\u0259t\u0259n\u0259 xidm\u0259t pe\u015f\u0259sin\u0259, h\u0259rbi pe\u015f\u0259y\u0259 h\u0259sr edib.<\/p>\n<p>2011-ci ild\u0259 Heyd\u0259r \u018fliyev ad\u0131na Az\u0259rbaycan Ali H\u0259rbi M\u0259kt\u0259bini v\u0259 Silahl\u0131 Q&uuml;vv\u0259l\u0259rin T\u0259lim v\u0259 T\u0259dris M\u0259rk\u0259zinin &ldquo;Zabit \u0130xtisas kursu&rdquo;nu m&uuml;v\u0259ff\u0259qiyy\u0259tl\u0259 ba\u015fa vurduqdan sonra g\u0259nc leytenant kimi xidm\u0259ti v\u0259zif\u0259l\u0259rinin &ouml;hd\u0259sind\u0259n layiqinc\u0259 g\u0259lib, qar\u015f\u0131s\u0131na qoyulan tap\u015f\u0131r\u0131qlar\u0131 u\u011furla yerin\u0259 yetirm\u0259k &uuml;&ccedil;&uuml;n s\u0259yl\u0259rini \u0259sirg\u0259m\u0259yib. Komandanl\u0131q t\u0259r\u0259find\u0259n d\u0259f\u0259l\u0259rl\u0259 m&uuml;kafatland\u0131r\u0131l\u0131b. Sa\u011fl\u0131\u011f\u0131nda Az\u0259rbaycan Respublikas\u0131n\u0131n Prezidenti ad\u0131ndan M&uuml;dafi\u0259 nazirinin \u0259mri il\u0259 &ldquo;Az\u0259rbaycan Respublikas\u0131 Silahl\u0131 Q&uuml;vv\u0259l\u0259rinin 95 illiyi (1918-2013)&rdquo;, &ldquo;Az\u0259rbaycan Ordusunun 100 illiyi (1918-2018)&rdquo; yubiley medallar\u0131 v\u0259 &ldquo;Q&uuml;sursuz xidm\u0259t\u0259 g&ouml;r\u0259&rdquo; 3-c&uuml; d\u0259r\u0259c\u0259li medalla t\u0259ltif edilib.<\/p>\n<p>A.Qurbani t\u0259dbir i\u015ftirak&ccedil;\u0131lar\u0131n\u0131n n\u0259z\u0259rin\u0259 &ccedil;atd\u0131r\u0131b ki, kapitan \u018f.P\u0259nahovun V\u0259t\u0259n m&uuml;harib\u0259sind\u0259 i\u015ftirak ed\u0259r\u0259k h\u0259rbi hiss\u0259 qar\u015f\u0131s\u0131nda qoyulmu\u015f tap\u015f\u0131r\u0131qlar\u0131n icras\u0131 zaman\u0131 v\u0259zif\u0259 borcunu \u015f\u0259r\u0259fl\u0259 yerin\u0259 yetirdiyin\u0259, \u015f\u0259xsi m\u0259rdlik v\u0259 igidlik g&ouml;st\u0259rdiyin\u0259 g&ouml;r\u0259 d&ouml;y&uuml;\u015f orden v\u0259 medallar\u0131 il\u0259 t\u0259ltif olunmas\u0131 haqq\u0131nda m&uuml;vafiq t\u0259qdimatlar g&ouml;nd\u0259rilib v\u0259 &ouml;l&uuml;m&uuml;nd\u0259n sonra o, bu il ilk d\u0259f\u0259 qeyd ed\u0259c\u0259yimiz Z\u0259f\u0259r G&uuml;n&uuml;nd\u0259, layiq oldu\u011fu m&uuml;kafatlarla t\u0259ltif olunacaqd\u0131r.<\/p>\n<p>X\u0259tai rayon \u0130cra Hakimiyy\u0259tinin ba\u015f&ccedil;\u0131s\u0131n\u0131n m&uuml;avini Etibar \u018fhm\u0259dov X\u0259tai rayonunda da \u015f\u0259hidl\u0259rin adlar\u0131n\u0131n \u0259b\u0259dil\u0259\u015fdirilm\u0259si, \u015f\u0259hid ail\u0259l\u0259rin\u0259 h\u0259rt\u0259r\u0259fli diqq\u0259t v\u0259 qay\u011f\u0131 g&ouml;st\u0259rilm\u0259sind\u0259n dan\u0131\u015f\u0131b v\u0259 bu m\u0259s\u0259l\u0259l\u0259rin d&ouml;vl\u0259timizin ba\u015f&ccedil;\u0131s\u0131, M&uuml;z\u0259ff\u0259r Ali Ba\u015f Komandan \u0130lham \u018fliyevin daim n\u0259zar\u0259tind\u0259 oldu\u011funu qeyd edib.<\/p>\n<p>G\u0259ncl\u0259r ad\u0131ndan &ccedil;\u0131x\u0131\u015f ed\u0259n Tural M\u0259mm\u0259dov bu g&uuml;n d\u0259 Az\u0259rbaycan g\u0259ncl\u0259rinin, Az\u0259rbaycan g\u0259ncliyinin Ali Ba\u015f Komandan\u0131n \u0259mrl\u0259rin\u0259 h\u0259r an haz\u0131r olduqlar\u0131n\u0131 vur\u011fulay\u0131b.<\/p>\n<p>\u015e\u0259hidin valideynl\u0259ri: atas\u0131 B\u0259yl\u0259r P\u0259nahov v\u0259 Mayqa ana &ouml;vladlar\u0131 il\u0259 f\u0259xr etdikl\u0259rini bildirib, q&uuml;rurla &quot;V\u0259t\u0259n sa\u011f olsun!&quot; dey\u0259r\u0259k ba\u015flar\u0131n\u0131 dik tutublar.<\/p>\n<p>Daxili Qo\u015funlar\u0131n ba\u015f &ccedil;avu\u015fu \u015f\u0259hid V&uuml;qar C\u0259f\u0259rovun anas\u0131 S\u0259may\u0259 xan\u0131m t\u0259bir i\u015ftirak&ccedil;\u0131lar\u0131n\u0131n aras\u0131ndan &ccedil;\u0131xaraq \u018fkb\u0259rin anas\u0131n\u0131 qucaqlay\u0131b v\u0259 uca s\u0259sl\u0259 deyib: &ldquo;Biz \u015f\u0259hid analar\u0131na \u0259n b&ouml;y&uuml;k t\u0259s\u0259lli &ouml;vladlar\u0131m\u0131z\u0131n intiqam\u0131n\u0131n al\u0131nmas\u0131 v\u0259 torpaqlar\u0131m\u0131z\u0131n i\u015f\u011faldan azad olunmas\u0131d\u0131r. M&uuml;z\u0259ff\u0259r Ali Ba\u015f Komandan\u0131m\u0131za, xalq\u0131m\u0131za minn\u0259tdar\u0131q ki, a\u011fr\u0131l\u0131, &uuml;z&uuml;nt&uuml;l&uuml; g&uuml;nl\u0259rimizd\u0259 bizi yalq\u0131z qoymad\u0131lar. Bu \u015f\u0259hidl\u0259rin h\u0259r\u0259si bir ocaqdan &ccedil;\u0131xsa da, bu g&uuml;n b&uuml;t&ouml;v Az\u0259rbaycan\u0131n, xalq\u0131m\u0131z\u0131n \u015f\u0259hidl\u0259ri oldular. Biz &ouml;vladlar\u0131m\u0131zla f\u0259xr edirik. Qoy Az\u0259rbaycan Bayra\u011f\u0131 h\u0259mi\u015f\u0259 y&uuml;ks\u0259kl\u0259rd\u0259 dal\u011falans\u0131n!&rdquo;.<\/p>\n<p>G&uuml;rc&uuml;stan Respublikas\u0131ndan g\u0259l\u0259n Xan\u0131m n\u0259n\u0259: &ldquo;\u018fkb\u0259r m\u0259nim atam\u0131n ad\u0131d\u0131r, atam\u0131n ad\u0131na layiq n\u0259v\u0259 oldu q\u0259hr\u0259man balam. Qoy ham\u0131 bilsin, Az\u0259rbaycan d&uuml;nyan\u0131n b&uuml;t&uuml;n gu\u015f\u0259l\u0259rind\u0259 ya\u015fayan az\u0259rbaycanl\u0131lar\u0131n qibl\u0259sidir, V\u0259t\u0259nidir. Biz, G&uuml;rc&uuml;stan az\u0259rbaycanl\u0131lar\u0131 da q\u0259lbimizin paytaxt\u0131 Az\u0259rbaycan\u0131m\u0131z\u0131n u\u011furlar\u0131na, z\u0259f\u0259rin\u0259 &ccedil;ox sevinirik. Bizim k\u0259ndd\u0259n p\u0259rvazlanan v\u0259 sonralar Bak\u0131da ya\u015fayan, burada t\u0259hsil alan, Qaraba\u011f d&ouml;y&uuml;\u015fl\u0259rind\u0259 canlar\u0131ndan ke&ccedil;\u0259n &uuml;&ccedil; \u015f\u0259hidimiz var. Az\u0259rbaycan &uuml;r\u0259yimizdir, can\u0131m\u0131zd\u0131r. Arzum budur ki, Allah bu d&ouml;vl\u0259ti, bu milll\u0259ti b\u0259dn\u0259z\u0259rd\u0259n, qara q&uuml;vv\u0259l\u0259rd\u0259n qorusun!&rdquo;,- deyib.<\/p>\n<p>T\u0259dbir &quot;Q\u0259l\u0259b\u0259 mar\u015f\u0131&quot; n\u0131n s\u0259dalar\u0131 alt\u0131nda ba\u015fa &ccedil;at\u0131b.<\/p>\n","protected":false},"excerpt":{"rendered":"<p>&quot;Q\u0259l\u0259b\u0259 mar\u015f\u0131&quot; il\u0259 ba\u015fa &ccedil;atan t\u0259dbird\u0259 \u015f\u0259hid zabitin xatir\u0259si an\u0131l\u0131b. M&uuml;dafi\u0259 Nazirliyind\u0259n&nbsp;Ucnoqta.az-a veril\u0259n m\u0259lumata g&ouml;r\u0259, Az\u0259rbaycan Ordusunun igid d&ouml;y&uuml;\u015f&ccedil;&uuml;l\u0259rind\u0259n biri olan kapitan \u018fkb\u0259r P\u0259nahov &quot;D\u0259mir Yumruq&quot; \u0259m\u0259liyyat\u0131 il\u0259 ba\u015flanan v\u0259&hellip;<\/p>\n","protected":false},"author":1,"featured_media":251278,"comment_status":"open","ping_status":"open","sticky":false,"template":"","format":"standard","meta":{"_lmt_disableupdate":"","_lmt_disable":"","footnotes":""},"categories":[101],"tags":[],"class_list":["post-126256","post","type-post","status-publish","format-standard","has-post-thumbnail","hentry","category-cemiyyet"],"_links":{"self":[{"href":"https:\/\/ucnoqta.az\/index.php?rest_route=\/wp\/v2\/posts\/126256","targetHints":{"allow":["GET"]}}],"collection":[{"href":"https:\/\/ucnoqta.az\/index.php?rest_route=\/wp\/v2\/posts"}],"about":[{"href":"https:\/\/ucnoqta.az\/index.php?rest_route=\/wp\/v2\/types\/post"}],"author":[{"embeddable":true,"href":"https:\/\/ucnoqta.az\/index.php?rest_route=\/wp\/v2\/users\/1"}],"replies":[{"embeddable":true,"href":"https:\/\/ucnoqta.az\/index.php?rest_route=%2Fwp%2Fv2%2Fcomments&post=126256"}],"version-history":[{"count":0,"href":"https:\/\/ucnoqta.az\/index.php?rest_route=\/wp\/v2\/posts\/126256\/revisions"}],"wp:featuredmedia":[{"embeddable":true,"href":"https:\/\/ucnoqta.az\/index.php?rest_route=\/wp\/v2\/media\/251278"}],"wp:attachment":[{"href":"https:\/\/ucnoqta.az\/index.php?rest_route=%2Fwp%2Fv2%2Fmedia&parent=126256"}],"wp:term":[{"taxonomy":"category","embeddable":true,"href":"https:\/\/ucnoqta.az\/index.php?rest_route=%2Fwp%2Fv2%2Fcategories&post=126256"},{"taxonomy":"post_tag","embeddable":true,"href":"https:\/\/ucnoqta.az\/index.php?rest_route=%2Fwp%2Fv2%2Ftags&post=126256"}],"curies":[{"name":"wp","href":"https:\/\/api.w.org\/{rel}","templated":true}]}}