{"id":126248,"date":"2021-08-12T19:35:40","date_gmt":"2021-08-12T15:35:40","guid":{"rendered":""},"modified":"-0001-11-30T00:00:00","modified_gmt":"-0001-11-29T20:00:00","slug":"","status":"publish","type":"post","link":"https:\/\/ucnoqta.az\/?p=126248","title":{"rendered":"\u201c\u0130ndi el\u0259 qad\u0131nlar var ki, T\u0259hmin\u0259 onlar\u0131n yan\u0131nda rahib\u0259dir\u201d"},"content":{"rendered":"<p><strong>&ldquo;T\u0259hmin\u0259nin populyarl\u0131\u011f\u0131 m\u0259nim xeyrim\u0259 olmad\u0131, dig\u0259r \u0259s\u0259rl\u0259rimi k&ouml;lg\u0259d\u0259 qoydu. Konkret olaraq, dey\u0259 bilm\u0259r\u0259m ki, bu \u0259s\u0259r o biri \u0259s\u0259rl\u0259rimd\u0259n g&uuml;cl&uuml;d&uuml;r, ya z\u0259if. El\u0259 \u0259s\u0259rl\u0259r olub ki, &ouml;z d&ouml;vr&uuml;nd\u0259 m\u0259\u015fhur olub, sonra unudulub, ancaq &ldquo;Be\u015f m\u0259rt\u0259b\u0259li evin alt\u0131nc\u0131 m\u0259rt\u0259b\u0259si&rdquo; 50 ildir, &ouml;z aktuall\u0131\u011f\u0131n\u0131 qoruyur&rdquo;.<\/strong><\/p>\n<p>Ucnoqta.az x\u0259b\u0259r verir ki, bunu Yaz\u0131&ccedil;\u0131lar Birliyinin s\u0259dri, xalq yaz\u0131&ccedil;\u0131s\u0131 Anar APA-ya m&uuml;sahib\u0259sind\u0259 deyib. O qeyd edib ki, bu \u0259s\u0259r t\u0259k m\u0259h\u0259bb\u0259td\u0259n b\u0259hs etmir, h\u0259m d\u0259 azad olmayan c\u0259miyy\u0259td\u0259 azad insan\u0131n faci\u0259sind\u0259n b\u0259hs edir: &ldquo;T\u0259hmin\u0259 azad olmayan bir c\u0259miyy\u0259td\u0259 azad insand\u0131r. Onun b\u0259db\u0259xtliyi bundad\u0131r. M\u0259n bu fikri bu yax\u0131nlarda demi\u015fdim, yen\u0259 deyir\u0259m. \u0130ndi h\u0259yatda el\u0259 qad\u0131nlar var ki, T\u0259hmin\u0259 onlar\u0131n yan\u0131nda rahib\u0259dir&rdquo;.<\/p>\n<p>Yaz\u0131&ccedil;\u0131 m&uuml;sahib\u0259sind\u0259 feminizm\u0259 olan m&uuml;nasib\u0259tini d\u0259 a&ccedil;\u0131qlay\u0131b. O vur\u011fulay\u0131b ki,&nbsp;h\u0259r \u015feyin d\u0259r\u0259c\u0259sind\u0259 olma\u011f\u0131n\u0131n t\u0259r\u0259fdar\u0131d\u0131r: &ldquo;Qad\u0131nlar\u0131n h&uuml;quqlar\u0131 qorunsun, qad\u0131nlar a\u015fa\u011f\u0131lanmas\u0131n, qad\u0131nlar\u0131n \u0259m\u0259yin\u0259 g&ouml;r\u0259 qiym\u0259t verilsin, ancaq feminizmi feti\u015fl\u0259\u015fdirm\u0259yin t\u0259r\u0259fdar\u0131 deyil\u0259m. &ldquo;Qad\u0131nd\u0131rsa, m&uuml;tl\u0259q ir\u0259li &ccedil;\u0259kilm\u0259lidir&rdquo; fikri il\u0259 raz\u0131 ola bilm\u0259r\u0259m. \u0130nsana \u0259m\u0259yin\u0259 g&ouml;r\u0259 qiym\u0259t verilm\u0259lidir. M\u0259n\u0259 el\u0259 g\u0259lir ki, feminizmd\u0259 bir balaca ifrat var. H\u0259r ifrat da h\u0259qiq\u0259td\u0259n uzaq olur&rdquo;.<\/p>\n<p>&ldquo;Anar niy\u0259 Yaz\u0131&ccedil;\u0131lar Birliyinin s\u0259dri v\u0259zif\u0259sind\u0259n getmir?&rdquo; sual\u0131nda AYB s\u0259dri bel\u0259 cavab verib:&nbsp;&quot;Deyirl\u0259r ki, Anar \u0259v\u0259zedilm\u0259z adam deyil, m\u0259n d\u0259 onlarla raz\u0131. &Uuml;mumiyy\u0259tl\u0259, \u0259v\u0259zolunmaz adam yoxdur. Ham\u0131n\u0131 \u0259v\u0259z etm\u0259k olar, ancaq Siz 32 ildir ki, m\u0259nim \u0259v\u0259zimi axtar\u0131rs\u0131n\u0131z, tapm\u0131rs\u0131n\u0131z ax\u0131. Tap\u0131n da, niy\u0259 tapm\u0131rs\u0131n\u0131z? &Ccedil;&uuml;nki birinin ist\u0259diyini o biri qrup ist\u0259mir. Ona g&ouml;r\u0259 d\u0259 deyirl\u0259r ki, qoy, el\u0259 Anar qals\u0131n.<\/p>\n<p>\u018fg\u0259r m\u0259ni y&uuml;z adam sevirs\u0259, &uuml;&ccedil; adam \u0259leyhim\u0259dir. Bu g&uuml;n Yaz\u0131&ccedil;\u0131lar Birliyinin 2000 &uuml;zv&uuml; var. 2000 &uuml;zvd\u0259n 1900-&uuml; m\u0259nim t\u0259r\u0259fimd\u0259dir. M\u0259n d&ouml;rd qurultayda yekdillikl\u0259 s\u0259dr se&ccedil;ilmi\u015f\u0259m. \u0130ndi kims\u0259 m\u0259nim \u0259leyhim\u0259dirs\u0259, bu da t\u0259biidir. &Ccedil;&uuml;nki onlar\u0131n t\u0259m\u0259nnalar\u0131 var. Biri ad ist\u0259yir, biri m&uuml;kafat, biri t\u0259qa&uuml;d&#8230; H\u0259rd\u0259n cavanlar\u0131 da &ccedil;a\u015fd\u0131r\u0131rlar. Ancaq m\u0259n sevinir\u0259m ki, gec-tez cavanlar da ay\u0131l\u0131rlar. Bir vaxt deyirdil\u0259r ki, biz bayra\u011f\u0131m\u0131z\u0131 Yaz\u0131&ccedil;\u0131lar Birliyin\u0259 sancaca\u011f\u0131q, Anar\u0131 avtomatla oradan &ccedil;\u0131xaraca\u011f\u0131q. Biz qoymad\u0131q ki, Yaz\u0131&ccedil;\u0131lar Birliyi da\u011f\u0131ls\u0131n. G\u0259r\u0259k buna g&ouml;r\u0259 biz\u0259 minn\u0259tdar olsunlar. Biz buran\u0131 qorumasayd\u0131q, onlar buran\u0131 otaq-otaq satacaqd\u0131lar. El\u0259 davalar\u0131 da o idi ki, g\u0259l\u0259k buran\u0131 da\u011f\u0131daq, sataq&quot;.<\/p>\n","protected":false},"excerpt":{"rendered":"<p>&ldquo;T\u0259hmin\u0259nin populyarl\u0131\u011f\u0131 m\u0259nim xeyrim\u0259 olmad\u0131, dig\u0259r \u0259s\u0259rl\u0259rimi k&ouml;lg\u0259d\u0259 qoydu. Konkret olaraq, dey\u0259 bilm\u0259r\u0259m ki, bu \u0259s\u0259r o biri \u0259s\u0259rl\u0259rimd\u0259n g&uuml;cl&uuml;d&uuml;r, ya z\u0259if. El\u0259 \u0259s\u0259rl\u0259r olub ki, &ouml;z d&ouml;vr&uuml;nd\u0259 m\u0259\u015fhur olub,&hellip;<\/p>\n","protected":false},"author":1,"featured_media":251278,"comment_status":"open","ping_status":"open","sticky":false,"template":"","format":"standard","meta":{"_lmt_disableupdate":"","_lmt_disable":"","footnotes":""},"categories":[100],"tags":[],"class_list":["post-126248","post","type-post","status-publish","format-standard","has-post-thumbnail","hentry","category-diger"],"_links":{"self":[{"href":"https:\/\/ucnoqta.az\/index.php?rest_route=\/wp\/v2\/posts\/126248","targetHints":{"allow":["GET"]}}],"collection":[{"href":"https:\/\/ucnoqta.az\/index.php?rest_route=\/wp\/v2\/posts"}],"about":[{"href":"https:\/\/ucnoqta.az\/index.php?rest_route=\/wp\/v2\/types\/post"}],"author":[{"embeddable":true,"href":"https:\/\/ucnoqta.az\/index.php?rest_route=\/wp\/v2\/users\/1"}],"replies":[{"embeddable":true,"href":"https:\/\/ucnoqta.az\/index.php?rest_route=%2Fwp%2Fv2%2Fcomments&post=126248"}],"version-history":[{"count":0,"href":"https:\/\/ucnoqta.az\/index.php?rest_route=\/wp\/v2\/posts\/126248\/revisions"}],"wp:featuredmedia":[{"embeddable":true,"href":"https:\/\/ucnoqta.az\/index.php?rest_route=\/wp\/v2\/media\/251278"}],"wp:attachment":[{"href":"https:\/\/ucnoqta.az\/index.php?rest_route=%2Fwp%2Fv2%2Fmedia&parent=126248"}],"wp:term":[{"taxonomy":"category","embeddable":true,"href":"https:\/\/ucnoqta.az\/index.php?rest_route=%2Fwp%2Fv2%2Fcategories&post=126248"},{"taxonomy":"post_tag","embeddable":true,"href":"https:\/\/ucnoqta.az\/index.php?rest_route=%2Fwp%2Fv2%2Ftags&post=126248"}],"curies":[{"name":"wp","href":"https:\/\/api.w.org\/{rel}","templated":true}]}}