{"id":126244,"date":"2021-08-12T18:50:26","date_gmt":"2021-08-12T14:50:26","guid":{"rendered":""},"modified":"-0001-11-30T00:00:00","modified_gmt":"-0001-11-29T20:00:00","slug":"","status":"publish","type":"post","link":"https:\/\/ucnoqta.az\/?p=126244","title":{"rendered":"G\u00fcrc\u00fcstanda bir s\u0131ra m\u0259hdudiyy\u0259tl\u0259rin t\u0259tbiqin\u0259 q\u0259rar verilib"},"content":{"rendered":"<p><strong>G&uuml;rc&uuml;standa a\u011f\u0131r epidemioloji v\u0259ziyy\u0259t s\u0259b\u0259bind\u0259n avqustun 14-d\u0259n etibar\u0259n bir s\u0131ra m\u0259hdudiyy\u0259tl\u0259r t\u0259tbiq olunacaq.<\/strong><\/p>\n<p>&ldquo;Report&rdquo;un yerli b&uuml;rosu x\u0259b\u0259r verir ki, m\u0259hdudiyy\u0259tl\u0259r &uuml;&ccedil; h\u0259ft\u0259 \u0259rzind\u0259 &#8211; sentyabr\u0131n 4-d\u0259k q&uuml;vv\u0259d\u0259 saxlan\u0131lacaq.<\/p>\n<p>D&ouml;vl\u0259t Qurumlar\u0131aras\u0131 Koordinasiya \u015euras\u0131n\u0131n q\u0259rar\u0131na \u0259sas\u0259n, ictimai n\u0259qliyyat\u0131n h\u0259r\u0259k\u0259ti m\u0259hdudla\u015fd\u0131r\u0131lacaq. Qada\u011fa \u015f\u0259h\u0259rl\u0259raras\u0131 n\u0259qliyyata \u015famil edilm\u0259y\u0259c\u0259k.<\/p>\n<p>H\u0259m&ccedil;inin &ouml;lk\u0259 &uuml;zr\u0259 festivallar, \u0259yl\u0259nc\u0259li t\u0259dbirl\u0259r v\u0259 idman yar\u0131\u015flar\u0131 qada\u011fan olunacaq, u\u015faq \u0259yl\u0259nc\u0259 m\u0259rk\u0259zl\u0259ri ba\u011flanacaq.<\/p>\n<p>Qida m&uuml;\u0259ssis\u0259l\u0259rinin f\u0259aliyy\u0259tin\u0259 saat 23:00-d\u0259k icaz\u0259 veril\u0259c\u0259k.<\/p>\n<p>Koordinasiya \u015euras\u0131 d&ouml;vl\u0259t qurumlar\u0131na \u0259m\u0259kda\u015flar\u0131n\u0131 imkan daxilind\u0259 distant i\u015f rejimin\u0259 ke&ccedil;irm\u0259yi tap\u015f\u0131r\u0131b.<\/p>\n","protected":false},"excerpt":{"rendered":"<p>G&uuml;rc&uuml;standa a\u011f\u0131r epidemioloji v\u0259ziyy\u0259t s\u0259b\u0259bind\u0259n avqustun 14-d\u0259n etibar\u0259n bir s\u0131ra m\u0259hdudiyy\u0259tl\u0259r t\u0259tbiq olunacaq. &ldquo;Report&rdquo;un yerli b&uuml;rosu x\u0259b\u0259r verir ki, m\u0259hdudiyy\u0259tl\u0259r &uuml;&ccedil; h\u0259ft\u0259 \u0259rzind\u0259 &#8211; sentyabr\u0131n 4-d\u0259k q&uuml;vv\u0259d\u0259 saxlan\u0131lacaq. D&ouml;vl\u0259t Qurumlar\u0131aras\u0131&hellip;<\/p>\n","protected":false},"author":1,"featured_media":251278,"comment_status":"open","ping_status":"open","sticky":false,"template":"","format":"standard","meta":{"_lmt_disableupdate":"","_lmt_disable":"","footnotes":""},"categories":[],"tags":[],"class_list":["post-126244","post","type-post","status-publish","format-standard","has-post-thumbnail","hentry"],"_links":{"self":[{"href":"https:\/\/ucnoqta.az\/index.php?rest_route=\/wp\/v2\/posts\/126244","targetHints":{"allow":["GET"]}}],"collection":[{"href":"https:\/\/ucnoqta.az\/index.php?rest_route=\/wp\/v2\/posts"}],"about":[{"href":"https:\/\/ucnoqta.az\/index.php?rest_route=\/wp\/v2\/types\/post"}],"author":[{"embeddable":true,"href":"https:\/\/ucnoqta.az\/index.php?rest_route=\/wp\/v2\/users\/1"}],"replies":[{"embeddable":true,"href":"https:\/\/ucnoqta.az\/index.php?rest_route=%2Fwp%2Fv2%2Fcomments&post=126244"}],"version-history":[{"count":0,"href":"https:\/\/ucnoqta.az\/index.php?rest_route=\/wp\/v2\/posts\/126244\/revisions"}],"wp:featuredmedia":[{"embeddable":true,"href":"https:\/\/ucnoqta.az\/index.php?rest_route=\/wp\/v2\/media\/251278"}],"wp:attachment":[{"href":"https:\/\/ucnoqta.az\/index.php?rest_route=%2Fwp%2Fv2%2Fmedia&parent=126244"}],"wp:term":[{"taxonomy":"category","embeddable":true,"href":"https:\/\/ucnoqta.az\/index.php?rest_route=%2Fwp%2Fv2%2Fcategories&post=126244"},{"taxonomy":"post_tag","embeddable":true,"href":"https:\/\/ucnoqta.az\/index.php?rest_route=%2Fwp%2Fv2%2Ftags&post=126244"}],"curies":[{"name":"wp","href":"https:\/\/api.w.org\/{rel}","templated":true}]}}