{"id":126233,"date":"2021-08-12T16:21:23","date_gmt":"2021-08-12T12:21:23","guid":{"rendered":""},"modified":"-0001-11-30T00:00:00","modified_gmt":"-0001-11-29T20:00:00","slug":"","status":"publish","type":"post","link":"https:\/\/ucnoqta.az\/?p=126233","title":{"rendered":"Prezident \u0130lham \u018fliyev f\u0259rman imzalad\u0131"},"content":{"rendered":"<p><strong>Prezident \u0130lham \u018fliyev i\u015f\u011faldan azad olunmu\u015f \u0259razil\u0259rd\u0259 tikilil\u0259rin m&uuml;v\u0259qq\u0259ti reyestri haqq\u0131nda f\u0259rman imzalay\u0131b.<\/strong><\/p>\n<p>Az\u0259rbaycan Respublikas\u0131 Konstitusiyas\u0131n\u0131n 109-cu madd\u0259sinin 32-ci b\u0259ndini r\u0259hb\u0259r tutaraq q\u0259rara al\u0131ram:<\/p>\n<p><strong>1.<\/strong> Az\u0259rbaycan Respublikas\u0131n\u0131n Nazirl\u0259r Kabineti iki ay m&uuml;dd\u0259tind\u0259:<\/p>\n<p><strong>1.1.<\/strong> &ldquo;Az\u0259rbaycan Respublikas\u0131n\u0131n i\u015f\u011faldan azad olunmu\u015f \u0259razil\u0259rind\u0259 m&uuml;v\u0259qq\u0259ti x&uuml;susi idar\u0259etm\u0259nin t\u0259\u015fkili haqq\u0131nda&rdquo; Az\u0259rbaycan Respublikas\u0131 Prezidentinin 2020-ci il 29 oktyabr tarixli 1170 n&ouml;mr\u0259li F\u0259rman\u0131n\u0131n 7.4-c&uuml; b\u0259ndin\u0259 uy\u011fun olaraq apar\u0131lm\u0131\u015f inventarla\u015fd\u0131rman\u0131n n\u0259tic\u0259l\u0259ri \u0259sas\u0131nda i\u015f\u011faldan azad olunmu\u015f \u0259razil\u0259rd\u0259 tikilil\u0259rin m&ouml;vcud v\u0259ziyy\u0259ti v\u0259 h\u0259min tikilil\u0259rd\u0259 ba\u015f ver\u0259n d\u0259yi\u015fiklikl\u0259r bar\u0259d\u0259 m\u0259lumatlar\u0131n u&ccedil;otunun apar\u0131lmas\u0131, habel\u0259 tikilil\u0259rin s&ouml;k&uuml;lm\u0259si sah\u0259sind\u0259 d&ouml;vl\u0259t orqanlar\u0131n\u0131n (qurumlar\u0131n\u0131n) &ccedil;evik \u0259laq\u0259l\u0259ndirilmi\u015f f\u0259aliyy\u0259tinin t\u0259min edilm\u0259si m\u0259qs\u0259dil\u0259 i\u015f\u011faldan azad olunmu\u015f \u0259razil\u0259rd\u0259 tikilil\u0259rin m&uuml;v\u0259qq\u0259ti reyestrini (bundan sonra &ndash; reyestr) yarats\u0131n;<\/p>\n<p><strong>1.2.<\/strong> Az\u0259rbaycan Respublikas\u0131 \u0130qtisadiyyat Nazirliyinin v\u0259 Az\u0259rbaycan Respublikas\u0131 D&ouml;vl\u0259t \u015e\u0259h\u0259rsalma v\u0259 Arxitektura Komit\u0259sinin t\u0259klifl\u0259ri \u0259sas\u0131nda &ldquo;\u0130\u015f\u011faldan azad olunmu\u015f \u0259razil\u0259rd\u0259 tikilil\u0259rin m&uuml;v\u0259qq\u0259ti reyestri haqq\u0131nda \u018fsasnam\u0259&rdquo;ni t\u0259sdiq etsin;<\/p>\n<p><strong>1.3.<\/strong> i\u015f\u011faldan azad olunmu\u015f \u0259razil\u0259rd\u0259 b\u0259rpa v\u0259 yenid\u0259nqurma i\u015fl\u0259rinin daha s\u0259m\u0259r\u0259li t\u0259\u015fkili m\u0259qs\u0259dil\u0259 reyestr\u0259 daxil olan tikilil\u0259rin m&uuml;vafiq \u0259razid\u0259 tikinti niyy\u0259tinin h\u0259yata ke&ccedil;irilm\u0259si z\u0259rur\u0259ti il\u0259 ba\u011fl\u0131 s&ouml;k&uuml;lm\u0259si qada\u011fan edil\u0259n, s&ouml;k&uuml;lm\u0259sin\u0259 r\u0259y t\u0259l\u0259b olunan v\u0259 s&ouml;k&uuml;lm\u0259si m&uuml;mk&uuml;n olan kateqoriyalar &uuml;zr\u0259 b&ouml;lg&uuml;s&uuml;n&uuml; t\u0259sdiq etsin;<\/p>\n<p><strong>1.4.<\/strong> bu F\u0259rmandan ir\u0259li g\u0259l\u0259n dig\u0259r m\u0259s\u0259l\u0259l\u0259ri h\u0259ll etsin.<\/p>\n<p><strong>2.<\/strong> M&uuml;\u0259yy\u0259n edilsin ki:<\/p>\n<p><strong>2.1.<\/strong> reyestrin t\u0259rtibini v\u0259 apar\u0131lmas\u0131n\u0131 Az\u0259rbaycan Respublikas\u0131n\u0131n D&ouml;vl\u0259t \u015e\u0259h\u0259rsalma v\u0259 Arxitektura Komit\u0259si h\u0259yata ke&ccedil;irir;<\/p>\n<p><strong>2.2.<\/strong> bu F\u0259rman\u0131n 1.3-c&uuml; b\u0259ndin\u0259 \u0259sas\u0259n s&ouml;k&uuml;lm\u0259si m&uuml;mk&uuml;n olan tikilil\u0259rin s&ouml;k&uuml;lm\u0259sin\u0259 bu bar\u0259d\u0259 m\u0259lumat t\u0259qdim edildikd\u0259n, dig\u0259r tikilil\u0259r\u0259 m&uuml;nasib\u0259td\u0259 is\u0259 s&ouml;k&uuml;lm\u0259nin m\u0259qs\u0259duy\u011funlu\u011funa dair aidiyy\u0259ti &uuml;zr\u0259 Az\u0259rbaycan Respublikas\u0131 Prezidentinin x&uuml;susi n&uuml;may\u0259nd\u0259sinin, Az\u0259rbaycan Respublikas\u0131 F&ouml;vq\u0259lad\u0259 Hallar Nazirliyinin, Az\u0259rbaycan Respublikas\u0131 M\u0259d\u0259niyy\u0259t Nazirliyinin, Az\u0259rbaycan Respublikas\u0131 D&ouml;vl\u0259t \u015e\u0259h\u0259rsalma v\u0259 Arxitektura Komit\u0259sinin bu F\u0259rman\u0131n 1.2-ci b\u0259ndind\u0259 n\u0259z\u0259rd\u0259 tutulan &ldquo;\u0130\u015f\u011faldan azad olunmu\u015f \u0259razil\u0259rd\u0259 tikilil\u0259rin m&uuml;v\u0259qq\u0259ti reyestri haqq\u0131nda \u018fsasnam\u0259&rdquo; il\u0259 m&uuml;\u0259yy\u0259n edil\u0259n qaydada r\u0259y verilm\u0259sind\u0259n sonra h\u0259yata ke&ccedil;irilir.<\/p>\n<p><strong>3.<\/strong> Az\u0259rbaycan Respublikas\u0131n\u0131n D&ouml;vl\u0259t \u015e\u0259h\u0259rsalma v\u0259 Arxitektura Komit\u0259si:<\/p>\n<p><strong>3.1.<\/strong> bu F\u0259rman\u0131n 2.2-ci b\u0259ndind\u0259n ir\u0259li g\u0259l\u0259n t\u0259l\u0259bl\u0259r\u0259 riay\u0259t edilm\u0259sin\u0259 n\u0259zar\u0259ti h\u0259yata ke&ccedil;irsin;<\/p>\n<p><strong>3.2.<\/strong> bu F\u0259rmandan ir\u0259li g\u0259l\u0259n dig\u0259r m\u0259s\u0259l\u0259l\u0259ri h\u0259ll etsin.<\/p>\n","protected":false},"excerpt":{"rendered":"<p>Prezident \u0130lham \u018fliyev i\u015f\u011faldan azad olunmu\u015f \u0259razil\u0259rd\u0259 tikilil\u0259rin m&uuml;v\u0259qq\u0259ti reyestri haqq\u0131nda f\u0259rman imzalay\u0131b. Az\u0259rbaycan Respublikas\u0131 Konstitusiyas\u0131n\u0131n 109-cu madd\u0259sinin 32-ci b\u0259ndini r\u0259hb\u0259r tutaraq q\u0259rara al\u0131ram: 1. Az\u0259rbaycan Respublikas\u0131n\u0131n Nazirl\u0259r Kabineti iki&hellip;<\/p>\n","protected":false},"author":1,"featured_media":251278,"comment_status":"open","ping_status":"open","sticky":false,"template":"","format":"standard","meta":{"_lmt_disableupdate":"","_lmt_disable":"","footnotes":""},"categories":[],"tags":[],"class_list":["post-126233","post","type-post","status-publish","format-standard","has-post-thumbnail","hentry"],"_links":{"self":[{"href":"https:\/\/ucnoqta.az\/index.php?rest_route=\/wp\/v2\/posts\/126233","targetHints":{"allow":["GET"]}}],"collection":[{"href":"https:\/\/ucnoqta.az\/index.php?rest_route=\/wp\/v2\/posts"}],"about":[{"href":"https:\/\/ucnoqta.az\/index.php?rest_route=\/wp\/v2\/types\/post"}],"author":[{"embeddable":true,"href":"https:\/\/ucnoqta.az\/index.php?rest_route=\/wp\/v2\/users\/1"}],"replies":[{"embeddable":true,"href":"https:\/\/ucnoqta.az\/index.php?rest_route=%2Fwp%2Fv2%2Fcomments&post=126233"}],"version-history":[{"count":0,"href":"https:\/\/ucnoqta.az\/index.php?rest_route=\/wp\/v2\/posts\/126233\/revisions"}],"wp:featuredmedia":[{"embeddable":true,"href":"https:\/\/ucnoqta.az\/index.php?rest_route=\/wp\/v2\/media\/251278"}],"wp:attachment":[{"href":"https:\/\/ucnoqta.az\/index.php?rest_route=%2Fwp%2Fv2%2Fmedia&parent=126233"}],"wp:term":[{"taxonomy":"category","embeddable":true,"href":"https:\/\/ucnoqta.az\/index.php?rest_route=%2Fwp%2Fv2%2Fcategories&post=126233"},{"taxonomy":"post_tag","embeddable":true,"href":"https:\/\/ucnoqta.az\/index.php?rest_route=%2Fwp%2Fv2%2Ftags&post=126233"}],"curies":[{"name":"wp","href":"https:\/\/api.w.org\/{rel}","templated":true}]}}