{"id":126226,"date":"2021-08-12T16:00:32","date_gmt":"2021-08-12T12:00:32","guid":{"rendered":""},"modified":"-0001-11-30T00:00:00","modified_gmt":"-0001-11-29T20:00:00","slug":"","status":"publish","type":"post","link":"https:\/\/ucnoqta.az\/?p=126226","title":{"rendered":"&#8220;Vahabzad\u0259ni Rusiyaya t\u0259hvil ver\u0259 bil\u0259rik, bir \u015f\u0259rtl\u0259&#8230; &#8220;"},"content":{"rendered":"<p><strong>&ldquo;\u0130sf\u0259ndiyar Vahabzad\u0259nin s\u0259sl\u0259ndirdiyi ifad\u0259 il\u0259 ba\u011fl\u0131 deputat Rasim Musab\u0259yovun a&ccedil;\u0131qlamas\u0131na rast g\u0259ldim. T\u0259hqirl\u0259ri Rasim Musab\u0259yova qaytarmaq ist\u0259mir\u0259m. Do\u011frudan da, Musab\u0259yov Az\u0259rbaycan v\u0259t\u0259nda\u015f\u0131d\u0131rsa, d&ouml;vl\u0259tin qeyr\u0259tini &ccedil;\u0259k\u0259n biridirs\u0259, uzun ill\u0259r xalq\u0131m\u0131za qar\u015f\u0131 a\u011fz\u0131na g\u0259l\u0259ni dan\u0131\u015fan Vladimir Jirinovskiy\u0259, Sovolyov kimi yaramaza niy\u0259 cavab verm\u0259yib, t\u0259hqir etm\u0259yib? Bu, bir daha onu g&ouml;st\u0259rir ki, o, \u018fzizb\u0259yovun v\u0259 \u018fliheyd\u0259r Qarayevin n\u0259v\u0259sidir, parlamentd\u0259 oturma\u011fa haqq\u0131 yoxdur&rdquo;. <\/strong><\/p>\n<p>Ucnoqta.az x\u0259b\u0259r verir ki, bunu h&uuml;quq\u015f&uuml;nas Aslan \u0130smay\u0131lov deyib. &ldquo;\u0130sf\u0259ndiyar Vahabzad\u0259nin rus xalq\u0131 il\u0259 ba\u011fl\u0131 i\u015fl\u0259tdiyi ifad\u0259ni q\u0259tiyy\u0259tl\u0259 pisl\u0259yir\u0259m. Rusiya telekanallar\u0131nda Az\u0259rbaycana meydan oxuyurlar ki, Vahabzad\u0259ni biz\u0259 verin. Vahabzad\u0259nin Rusiyaya t\u0259hvil verilm\u0259sin\u0259 t\u0259r\u0259fdar olaca\u011fam, bir \u015f\u0259rtl\u0259 ki, uzun ill\u0259r Az\u0259rbaycan xalq\u0131n\u0131 t\u0259hqir ed\u0259n Jirinovski, Sovolyov, Ara Abramyan biz\u0259 t\u0259hvil verilsin. Az\u0259rbaycan d&ouml;vl\u0259tin\u0259 v\u0259 xalq\u0131na xox g\u0259lm\u0259k laz\u0131m deyil&rdquo; &ndash; A.\u0130smay\u0131lov qeyd edib.<\/p>\n","protected":false},"excerpt":{"rendered":"<p>&ldquo;\u0130sf\u0259ndiyar Vahabzad\u0259nin s\u0259sl\u0259ndirdiyi ifad\u0259 il\u0259 ba\u011fl\u0131 deputat Rasim Musab\u0259yovun a&ccedil;\u0131qlamas\u0131na rast g\u0259ldim. T\u0259hqirl\u0259ri Rasim Musab\u0259yova qaytarmaq ist\u0259mir\u0259m. Do\u011frudan da, Musab\u0259yov Az\u0259rbaycan v\u0259t\u0259nda\u015f\u0131d\u0131rsa, d&ouml;vl\u0259tin qeyr\u0259tini &ccedil;\u0259k\u0259n biridirs\u0259, uzun ill\u0259r xalq\u0131m\u0131za qar\u015f\u0131&hellip;<\/p>\n","protected":false},"author":1,"featured_media":251278,"comment_status":"open","ping_status":"open","sticky":false,"template":"","format":"standard","meta":{"_lmt_disableupdate":"","_lmt_disable":"","footnotes":""},"categories":[],"tags":[],"class_list":["post-126226","post","type-post","status-publish","format-standard","has-post-thumbnail","hentry"],"_links":{"self":[{"href":"https:\/\/ucnoqta.az\/index.php?rest_route=\/wp\/v2\/posts\/126226","targetHints":{"allow":["GET"]}}],"collection":[{"href":"https:\/\/ucnoqta.az\/index.php?rest_route=\/wp\/v2\/posts"}],"about":[{"href":"https:\/\/ucnoqta.az\/index.php?rest_route=\/wp\/v2\/types\/post"}],"author":[{"embeddable":true,"href":"https:\/\/ucnoqta.az\/index.php?rest_route=\/wp\/v2\/users\/1"}],"replies":[{"embeddable":true,"href":"https:\/\/ucnoqta.az\/index.php?rest_route=%2Fwp%2Fv2%2Fcomments&post=126226"}],"version-history":[{"count":0,"href":"https:\/\/ucnoqta.az\/index.php?rest_route=\/wp\/v2\/posts\/126226\/revisions"}],"wp:featuredmedia":[{"embeddable":true,"href":"https:\/\/ucnoqta.az\/index.php?rest_route=\/wp\/v2\/media\/251278"}],"wp:attachment":[{"href":"https:\/\/ucnoqta.az\/index.php?rest_route=%2Fwp%2Fv2%2Fmedia&parent=126226"}],"wp:term":[{"taxonomy":"category","embeddable":true,"href":"https:\/\/ucnoqta.az\/index.php?rest_route=%2Fwp%2Fv2%2Fcategories&post=126226"},{"taxonomy":"post_tag","embeddable":true,"href":"https:\/\/ucnoqta.az\/index.php?rest_route=%2Fwp%2Fv2%2Ftags&post=126226"}],"curies":[{"name":"wp","href":"https:\/\/api.w.org\/{rel}","templated":true}]}}