{"id":126225,"date":"2021-08-12T15:50:35","date_gmt":"2021-08-12T11:50:35","guid":{"rendered":""},"modified":"-0001-11-30T00:00:00","modified_gmt":"-0001-11-29T20:00:00","slug":"","status":"publish","type":"post","link":"https:\/\/ucnoqta.az\/?p=126225","title":{"rendered":"X\u0130N Erm\u0259nistan t\u0259r\u0259finin b\u0259yanat\u0131na cavab verdi"},"content":{"rendered":"<p><strong>Erm\u0259nistan Xarici \u0130\u015fl\u0259r Nazirliyinin Az\u0259rbaycan\u0131 10 noyabr 2020-ci il tarixli &uuml;&ccedil;t\u0259r\u0259fli b\u0259yanat\u0131 pozmaqda ittiham ed\u0259n 11 avqust 2021-ci il tarixli b\u0259yanat\u0131 Erm\u0259nistan Respublikas\u0131n\u0131n &uuml;&ccedil;t\u0259r\u0259fli s\u0259n\u0259din m&uuml;dd\u0259alar\u0131na tam riay\u0259t etm\u0259k &ouml;hd\u0259likl\u0259rind\u0259n boyun qa&ccedil;\u0131rma\u011fa y&ouml;n\u0259lmi\u015f n&ouml;vb\u0259ti u\u011fursuz c\u0259hdidir.<\/strong><\/p>\n<p>Erm\u0259nistan Xarici \u0130\u015fl\u0259r Nazirliyinin diqq\u0259tin\u0259 &ccedil;atd\u0131r\u0131r\u0131q ki, &uuml;&ccedil;t\u0259r\u0259fli b\u0259yanat\u0131n 1-ci madd\u0259sind\u0259 &ldquo;tam at\u0259\u015fk\u0259sin v\u0259 m&uuml;naqi\u015f\u0259 zonas\u0131nda b&uuml;t&uuml;n h\u0259rbi \u0259m\u0259liyyatlar\u0131n 10 Noyabr 2020 Moskva vaxt\u0131 il\u0259 00:00-dan etibar\u0259n dayand\u0131r\u0131lmas\u0131&rdquo; elan edilir, o c&uuml;ml\u0259d\u0259n Az\u0259rbaycan Respublikas\u0131 il\u0259 Erm\u0259nistan Respublikas\u0131 &ldquo;tutduqlar\u0131 m&ouml;vqel\u0259rind\u0259 dayan\u0131rlar&rdquo; qeyd olunur. Vur\u011fulamaq ist\u0259rdik ki, &ldquo;dayanmaq&rdquo; s&ouml;z&uuml; bu v\u0259 ya dig\u0259r kontekstd\u0259 &ldquo;qalmaq&rdquo; m\u0259nas\u0131n\u0131 vermir. Bu h\u0259m m&uuml;qavil\u0259nin t\u0259rtib olundu\u011fu rus dilin\u0259, h\u0259m d\u0259 dig\u0259r dill\u0259r\u0259 aiddir.<\/p>\n<p>\nBundan \u0259lav\u0259, &uuml;&ccedil;t\u0259r\u0259fli b\u0259yanat\u0131n 3-c&uuml; b\u0259ndind\u0259 Rusiya s&uuml;lhm\u0259raml\u0131 q&uuml;vv\u0259l\u0259rinin yerl\u0259\u015fm\u0259 \u0259razisi &quot;Da\u011fl\u0131q Qaraba\u011fdak\u0131 t\u0259mas x\u0259tti v\u0259 La&ccedil;\u0131n d\u0259hlizi boyu&quot; olaraq m&uuml;\u0259yy\u0259n edilmi\u015fdir. &Uuml;&ccedil;t\u0259r\u0259fli b\u0259yanat\u0131n 4 -c&uuml; b\u0259ndind\u0259 is\u0259 x&uuml;susil\u0259 qeyd edilir ki, &quot;Rusiya Federasiyas\u0131n\u0131n s&uuml;lhm\u0259raml\u0131 kontingenti erm\u0259ni silahl\u0131 q&uuml;vv\u0259l\u0259rinin &ccedil;\u0131xar\u0131lmas\u0131 il\u0259 paralel olaraq yerl\u0259\u015fdirilir&quot;.<\/p>\n<p>&Uuml;&ccedil;t\u0259r\u0259fli b\u0259yanat\u0131n 6-c\u0131 b\u0259ndind\u0259 deyilir ki, &ldquo;Az\u0259rbaycan Respublikas\u0131 La&ccedil;\u0131n d\u0259hlizi &uuml;zr\u0259 h\u0259r iki istiqam\u0259td\u0259 v\u0259t\u0259nda\u015flar\u0131n, n\u0259qliyyat vasit\u0259l\u0259rinin v\u0259 y&uuml;kl\u0259rin h\u0259r\u0259k\u0259tin\u0259 t\u0259hl&uuml;k\u0259sizlik z\u0259man\u0259ti verir&rdquo;.<\/p>\n<p>Bel\u0259likl\u0259, &uuml;&ccedil; t\u0259r\u0259fin imzalad\u0131\u011f\u0131 10 noyabr 2020-ci il b\u0259yanat\u0131n\u0131n raz\u0131la\u015fd\u0131r\u0131lm\u0131\u015f ifad\u0259l\u0259ri, a&ccedil;\u0131q \u015f\u0259kild\u0259 erm\u0259ni silahl\u0131 q&uuml;vv\u0259l\u0259rinin Az\u0259rbaycan \u0259razisind\u0259n &ccedil;\u0131xar\u0131lmas\u0131n\u0131 qeyd edir v\u0259 he&ccedil; bir \u015f\u0259kild\u0259 h\u0259rbi qulluq&ccedil;ular\u0131n yerd\u0259yi\u015fm\u0259si v\u0259 yerl\u0259\u015fdirilm\u0259sini n\u0259z\u0259rd\u0259 tutmur.<\/p>\n<p>&Uuml;&ccedil;t\u0259r\u0259fli b\u0259yanat\u0131n \u0259sas m&uuml;dd\u0259alar\u0131n\u0131 c\u0259f\u0259ng \u015f\u0259kild\u0259 \u015f\u0259rh etm\u0259k c\u0259hdl\u0259ri, erm\u0259ni t\u0259r\u0259finin bu &ouml;lk\u0259 t\u0259r\u0259find\u0259n 10 noyabr 2020-ci ild\u0259 imzalanan s\u0259n\u0259din mahiyy\u0259tini tam d\u0259rk etm\u0259diyi, v\u0259 ya \u0259vv\u0259ld\u0259n onun t\u0259l\u0259bl\u0259rin\u0259 tam riay\u0259t etm\u0259k niyy\u0259tind\u0259 olmad\u0131\u011f\u0131n\u0131 g&ouml;st\u0259rir. Bel\u0259 bir davran\u0131\u015f bu &ouml;lk\u0259nin destruktiv m&ouml;vqeyinin n&ouml;vb\u0259ti bariz n&uuml;mun\u0259sidir.<\/p>\n<p>Beyn\u0259lxalq ictimaiyy\u0259t erm\u0259ni t\u0259r\u0259finin beyn\u0259lxalq h&uuml;ququn fundamental norma v\u0259 prinsipl\u0259rin\u0259, beyn\u0259lxalq t\u0259\u015fkilatlar\u0131n q\u0259rarlar\u0131na v\u0259 &uuml;z\u0259rin\u0259 g&ouml;t&uuml;rd&uuml;y&uuml; &ouml;hd\u0259likl\u0259r\u0259 \u0259m\u0259l etm\u0259m\u0259si t\u0259cr&uuml;b\u0259sin\u0259 yax\u015f\u0131 b\u0259l\u0259ddir. Bu bax\u0131mdan Erm\u0259nistan\u0131n BMT T\u015e-nin 1993-c&uuml; il tarixli d&ouml;rd q\u0259tnam\u0259sinin t\u0259l\u0259bl\u0259rini yerin\u0259 yetirm\u0259kd\u0259n imtina etm\u0259sini xat\u0131rlatmaq kifay\u0259tdir.<\/p>\n<p>Bu destruktiv yana\u015fma regionda uzun m&uuml;dd\u0259tdir g&ouml;zl\u0259nil\u0259n s&uuml;lh v\u0259 t\u0259hl&uuml;k\u0259sizliyin t\u0259min edilm\u0259si kontekstind\u0259 h\u0259r hans\u0131 bir perspektivd\u0259n m\u0259hrumdur.<\/p>\n","protected":false},"excerpt":{"rendered":"<p>Erm\u0259nistan Xarici \u0130\u015fl\u0259r Nazirliyinin Az\u0259rbaycan\u0131 10 noyabr 2020-ci il tarixli &uuml;&ccedil;t\u0259r\u0259fli b\u0259yanat\u0131 pozmaqda ittiham ed\u0259n 11 avqust 2021-ci il tarixli b\u0259yanat\u0131 Erm\u0259nistan Respublikas\u0131n\u0131n &uuml;&ccedil;t\u0259r\u0259fli s\u0259n\u0259din m&uuml;dd\u0259alar\u0131na tam riay\u0259t etm\u0259k &ouml;hd\u0259likl\u0259rind\u0259n&hellip;<\/p>\n","protected":false},"author":1,"featured_media":251278,"comment_status":"open","ping_status":"open","sticky":false,"template":"","format":"standard","meta":{"_lmt_disableupdate":"","_lmt_disable":"","footnotes":""},"categories":[86],"tags":[],"class_list":["post-126225","post","type-post","status-publish","format-standard","has-post-thumbnail","hentry","category-siyaset"],"_links":{"self":[{"href":"https:\/\/ucnoqta.az\/index.php?rest_route=\/wp\/v2\/posts\/126225","targetHints":{"allow":["GET"]}}],"collection":[{"href":"https:\/\/ucnoqta.az\/index.php?rest_route=\/wp\/v2\/posts"}],"about":[{"href":"https:\/\/ucnoqta.az\/index.php?rest_route=\/wp\/v2\/types\/post"}],"author":[{"embeddable":true,"href":"https:\/\/ucnoqta.az\/index.php?rest_route=\/wp\/v2\/users\/1"}],"replies":[{"embeddable":true,"href":"https:\/\/ucnoqta.az\/index.php?rest_route=%2Fwp%2Fv2%2Fcomments&post=126225"}],"version-history":[{"count":0,"href":"https:\/\/ucnoqta.az\/index.php?rest_route=\/wp\/v2\/posts\/126225\/revisions"}],"wp:featuredmedia":[{"embeddable":true,"href":"https:\/\/ucnoqta.az\/index.php?rest_route=\/wp\/v2\/media\/251278"}],"wp:attachment":[{"href":"https:\/\/ucnoqta.az\/index.php?rest_route=%2Fwp%2Fv2%2Fmedia&parent=126225"}],"wp:term":[{"taxonomy":"category","embeddable":true,"href":"https:\/\/ucnoqta.az\/index.php?rest_route=%2Fwp%2Fv2%2Fcategories&post=126225"},{"taxonomy":"post_tag","embeddable":true,"href":"https:\/\/ucnoqta.az\/index.php?rest_route=%2Fwp%2Fv2%2Ftags&post=126225"}],"curies":[{"name":"wp","href":"https:\/\/api.w.org\/{rel}","templated":true}]}}