{"id":126215,"date":"2021-08-12T14:40:10","date_gmt":"2021-08-12T10:40:10","guid":{"rendered":""},"modified":"-0001-11-30T00:00:00","modified_gmt":"-0001-11-29T20:00:00","slug":"","status":"publish","type":"post","link":"https:\/\/ucnoqta.az\/?p=126215","title":{"rendered":"S\u00fcr\u00fcc\u00fcn\u00fc b\u0131\u00e7aqla h\u0259d\u0259l\u0259y\u0259r\u0259k pulunu alan \u015f\u0259xs tutulub &#8211; <font color=red><b>V\u0130DEO<\/b><\/font>"},"content":{"rendered":"<p><strong>Ab\u015feronda y&uuml;kda\u015f\u0131ma il\u0259 m\u0259\u015f\u011ful olan \u015f\u0259xs\u0259 qar\u015f\u0131 quldurluq edilib.<\/strong><\/p>\n<p>APA TV x\u0259b\u0259r verir ki, Bak\u0131 \u015f\u0259h\u0259r sakini El&ccedil;in H&uuml;seynov Ab\u015feron rayon Polis \u0130dar\u0259sin\u0259 g\u0259l\u0259r\u0259k m\u0259lumat verib ki, idar\u0259 etdiyi Ford Karqo markal\u0131 90-CS 122 d&ouml;vl\u0259t n&ouml;mr\u0259 ni\u015fanl\u0131 avtomobili il\u0259 h\u0259r\u0259k\u0259td\u0259 olark\u0259n ma\u015f\u0131n\u0131na tan\u0131mad\u0131\u011f\u0131 \u015f\u0259xs minib v\u0259 onun &uuml;z\u0259rin\u0259 b\u0131&ccedil;aq &ccedil;\u0131xararaq 410 manat pulunu quldurluq yolu il\u0259 \u0259l\u0259 ke&ccedil;irib. D\u0259rhal ke&ccedil;iril\u0259n \u0259m\u0259liyyatla h\u0259min \u015f\u0259xsin Ayd\u0131n L\u0259tifov oldu\u011fu m\u0259lum olub v\u0259 o saxlan\u0131laraq istintaqa c\u0259lb edilib.<\/p>\n<p>Qeyd ed\u0259k ki, saxlan\u0131lan Ayd\u0131n L\u0259tifov \u0259vv\u0259ll\u0259rd\u0259 m\u0259hkmluq h\u0259yat\u0131 ya\u015fay\u0131b.<\/p>\n<p><iframe allow=\"accelerometer; autoplay; clipboard-write; encrypted-media; gyroscope; picture-in-picture\" allowfullscreen=\"\" frameborder=\"0\" height=\"315\" src=\"https:\/\/www.youtube.com\/embed\/uA2RDLMKZOw\" title=\"YouTube video player\" width=\"560\"><\/iframe><\/p>\n","protected":false},"excerpt":{"rendered":"<p>Ab\u015feronda y&uuml;kda\u015f\u0131ma il\u0259 m\u0259\u015f\u011ful olan \u015f\u0259xs\u0259 qar\u015f\u0131 quldurluq edilib. APA TV x\u0259b\u0259r verir ki, Bak\u0131 \u015f\u0259h\u0259r sakini El&ccedil;in H&uuml;seynov Ab\u015feron rayon Polis \u0130dar\u0259sin\u0259 g\u0259l\u0259r\u0259k m\u0259lumat verib ki, idar\u0259 etdiyi Ford&hellip;<\/p>\n","protected":false},"author":1,"featured_media":251278,"comment_status":"open","ping_status":"open","sticky":false,"template":"","format":"standard","meta":{"_lmt_disableupdate":"","_lmt_disable":"","footnotes":""},"categories":[],"tags":[],"class_list":["post-126215","post","type-post","status-publish","format-standard","has-post-thumbnail","hentry"],"_links":{"self":[{"href":"https:\/\/ucnoqta.az\/index.php?rest_route=\/wp\/v2\/posts\/126215","targetHints":{"allow":["GET"]}}],"collection":[{"href":"https:\/\/ucnoqta.az\/index.php?rest_route=\/wp\/v2\/posts"}],"about":[{"href":"https:\/\/ucnoqta.az\/index.php?rest_route=\/wp\/v2\/types\/post"}],"author":[{"embeddable":true,"href":"https:\/\/ucnoqta.az\/index.php?rest_route=\/wp\/v2\/users\/1"}],"replies":[{"embeddable":true,"href":"https:\/\/ucnoqta.az\/index.php?rest_route=%2Fwp%2Fv2%2Fcomments&post=126215"}],"version-history":[{"count":0,"href":"https:\/\/ucnoqta.az\/index.php?rest_route=\/wp\/v2\/posts\/126215\/revisions"}],"wp:featuredmedia":[{"embeddable":true,"href":"https:\/\/ucnoqta.az\/index.php?rest_route=\/wp\/v2\/media\/251278"}],"wp:attachment":[{"href":"https:\/\/ucnoqta.az\/index.php?rest_route=%2Fwp%2Fv2%2Fmedia&parent=126215"}],"wp:term":[{"taxonomy":"category","embeddable":true,"href":"https:\/\/ucnoqta.az\/index.php?rest_route=%2Fwp%2Fv2%2Fcategories&post=126215"},{"taxonomy":"post_tag","embeddable":true,"href":"https:\/\/ucnoqta.az\/index.php?rest_route=%2Fwp%2Fv2%2Ftags&post=126215"}],"curies":[{"name":"wp","href":"https:\/\/api.w.org\/{rel}","templated":true}]}}