{"id":126211,"date":"2021-08-12T14:12:59","date_gmt":"2021-08-12T10:12:59","guid":{"rendered":""},"modified":"-0001-11-30T00:00:00","modified_gmt":"-0001-11-29T20:00:00","slug":"","status":"publish","type":"post","link":"https:\/\/ucnoqta.az\/?p=126211","title":{"rendered":"Prezident \u0130lham \u018fliyev Oljas S\u00fcleymenovu q\u0259bul edib &#8211; <font color=red><b>FOTO<\/b><\/font>"},"content":{"rendered":"<p><strong>Avqustun 12-d\u0259 Az\u0259rbaycan Respublikas\u0131n\u0131n Prezidenti \u0130lham \u018fliyev g&ouml;rk\u0259mli qazax \u015fairi v\u0259 ictimai xadim Oljas S&uuml;leymenovu q\u0259bul edib.<\/strong><\/p>\n<p>Ucnoqta.az x\u0259b\u0259r verir ki, Prezident \u0130lham \u018fliyev Oljas S&uuml;leymenovu &ouml;lk\u0259mizd\u0259 salamlamaqdan m\u0259mnunlu\u011funu bildirdi v\u0259 qeyd etdi ki, onu Az\u0259rbaycanda xalq\u0131m\u0131z\u0131n b&ouml;y&uuml;k dostu kimi tan\u0131y\u0131r, h\u0259m qarda\u015f Qazax\u0131stan m\u0259d\u0259niyy\u0259tinin g&ouml;rk\u0259mli n&uuml;may\u0259nd\u0259si, h\u0259m d\u0259 b&uuml;t&uuml;n m\u0259s\u0259l\u0259l\u0259r &uuml;zr\u0259 &ouml;z prinsipial m&ouml;vqeyini h\u0259r zaman s&ouml;yl\u0259mi\u015f ictimai xadim kimi sevirl\u0259r.<\/p>\n<p>G&ouml;rk\u0259mli qazax \u015fairinin Az\u0259rbaycan\u0131 h\u0259mi\u015f\u0259 d\u0259st\u0259kl\u0259diyini vur\u011fulayan d&ouml;vl\u0259timizin ba\u015f&ccedil;\u0131s\u0131 bildirdi ki, Oljas S&uuml;leymenov Erm\u0259nistanla Az\u0259rbaycan aras\u0131nda m&uuml;naqi\u015f\u0259nin h\u0259lli i\u015find\u0259 &ouml;lk\u0259mizi h\u0259mi\u015f\u0259 d\u0259st\u0259kl\u0259yib. Prezident \u0130lham \u018fliyev g&ouml;rk\u0259mli \u015fairin \u0259n &ccedil;\u0259tin zamanlarda da &ouml;z k&ouml;kl\u0259rin\u0259, xalq\u0131na sadiq oldu\u011funu v\u0259 Qazax\u0131stan\u0131n u\u011furlu inki\u015faf\u0131 &uuml;&ccedil;&uuml;n \u0259lind\u0259n g\u0259l\u0259ni \u0259sirg\u0259m\u0259diyini dedi.<\/p>\n<p>Ulu &ouml;nd\u0259r Heyd\u0259r \u018fliyevl\u0259 Oljas S&uuml;leymenovun dostluq m&uuml;nasib\u0259tl\u0259rini v\u0259 g&ouml;r&uuml;\u015fl\u0259rini xat\u0131rladan d&ouml;vl\u0259timizin ba\u015f&ccedil;\u0131s\u0131 bu g&ouml;r&uuml;\u015fl\u0259rin bir ne&ccedil;\u0259sind\u0259 &ouml;z&uuml;n&uuml;n d\u0259 i\u015ftirak etdiyini bildirdi, &Uuml;mummilli Liderin Oljas S&uuml;leymenova h\u0259m istedad\u0131, h\u0259m d\u0259 ictimai f\u0259aliyy\u0259tin\u0259 g&ouml;r\u0259 h&ouml;rm\u0259t b\u0259sl\u0259diyini qeyd etdi.<\/p>\n<p>T&uuml;rk d&uuml;nyas\u0131 &ouml;lk\u0259l\u0259rinin birliyi, t&uuml;rkdilli &ouml;lk\u0259l\u0259r aras\u0131nda h\u0259mr\u0259yliyin m&ouml;hk\u0259ml\u0259ndirilm\u0259si i\u015find\u0259 g&ouml;rk\u0259mli \u015fairin s\u0259yl\u0259rini vur\u011fulayan Prezident \u0130lham \u018fliyev bunun x&uuml;sus\u0259n haz\u0131rda d&uuml;nyada v\u0259ziyy\u0259tin d\u0259yi\u015fdiyi d&ouml;vrd\u0259 m&uuml;h&uuml;m \u0259h\u0259miyy\u0259t da\u015f\u0131d\u0131\u011f\u0131n\u0131 dedi.<\/p>\n<p>D&ouml;vl\u0259timizin ba\u015f&ccedil;\u0131s\u0131 Oljas S&uuml;leymenovun Az\u0259rbaycan\u0131n bir ne&ccedil;\u0259 ali m&uuml;kafat\u0131 il\u0259 t\u0259ltif olundu\u011funu xat\u0131rlatd\u0131, Az\u0259rbaycanla Qazax\u0131stan aras\u0131nda m\u0259d\u0259ni \u0259laq\u0259l\u0259rin inki\u015faf\u0131na verdiyi t&ouml;hf\u0259l\u0259r\u0259 g&ouml;r\u0259 bu ilin may ay\u0131nda &ldquo;\u015e\u0259r\u0259f&rdquo; ordeni il\u0259 t\u0259ltif edildiyini bildirdi v\u0259 ordeni g&ouml;rk\u0259mli qazax \u015fairin\u0259 t\u0259qdim etdi.<\/p>\n<p>Az\u0259rbaycan\u0131n &ldquo;\u015e\u0259r\u0259f&rdquo; ordeni il\u0259 t\u0259ltif edilm\u0259sin\u0259 g&ouml;r\u0259 q&uuml;rur duydu\u011funu dey\u0259n Oljas S&uuml;leymenov d&ouml;vl\u0259timizin ba\u015f&ccedil;\u0131s\u0131na minn\u0259tdarl\u0131\u011f\u0131n\u0131 bildirdi. O, Prezident, Ali Ba\u015f Komandan \u0130lham \u018fliyevin m&uuml;drik r\u0259hb\u0259rliyi say\u0259sind\u0259 44 g&uuml;nl&uuml;k V\u0259t\u0259n m&uuml;harib\u0259sind\u0259 torpaqlar\u0131m\u0131z\u0131n i\u015f\u011faldan azad olunmas\u0131n\u0131 m\u0259mnunluqla vur\u011fulad\u0131 v\u0259 h\u0259min g&uuml;nl\u0259rd\u0259 m\u0259n\u0259vi c\u0259h\u0259td\u0259n Az\u0259rbaycan xalq\u0131n\u0131n yan\u0131nda oldu\u011funu qeyd etdi. G&ouml;rk\u0259mli qazax \u015fairi bildirdi ki, bu Q\u0259l\u0259b\u0259 b&uuml;t&uuml;n t&uuml;rk d&uuml;nyas\u0131n\u0131n &ccedil;ox b&ouml;y&uuml;k n&ouml;vb\u0259ti u\u011furudur v\u0259 o, tarixd\u0259 qalacaq.<\/p>\n<p>Oljas S&uuml;leymenov Prezident \u0130lham \u018fliyevin r\u0259hb\u0259rliyi il\u0259 i\u015f\u011faldan azad olunmu\u015f \u0259razil\u0259rd\u0259 apar\u0131lan yenid\u0259nqurma i\u015fl\u0259rini d\u0259 m\u0259mnunluqla vur\u011fulad\u0131.<\/p>\n<p>Az\u0259rbaycan Prezidenti \u0130lham \u018fliyev Oljas S&uuml;leymenova &ldquo;Qaraba\u011f i\u015f\u011faldan \u0259vv\u0259l v\u0259 sonra&rdquo; adl\u0131 kitab h\u0259diyy\u0259 etdi.<\/p>\n","protected":false},"excerpt":{"rendered":"<p>Avqustun 12-d\u0259 Az\u0259rbaycan Respublikas\u0131n\u0131n Prezidenti \u0130lham \u018fliyev g&ouml;rk\u0259mli qazax \u015fairi v\u0259 ictimai xadim Oljas S&uuml;leymenovu q\u0259bul edib. Ucnoqta.az x\u0259b\u0259r verir ki, Prezident \u0130lham \u018fliyev Oljas S&uuml;leymenovu &ouml;lk\u0259mizd\u0259 salamlamaqdan m\u0259mnunlu\u011funu bildirdi&hellip;<\/p>\n","protected":false},"author":1,"featured_media":251278,"comment_status":"open","ping_status":"open","sticky":false,"template":"","format":"standard","meta":{"_lmt_disableupdate":"","_lmt_disable":"","footnotes":""},"categories":[],"tags":[],"class_list":["post-126211","post","type-post","status-publish","format-standard","has-post-thumbnail","hentry"],"_links":{"self":[{"href":"https:\/\/ucnoqta.az\/index.php?rest_route=\/wp\/v2\/posts\/126211","targetHints":{"allow":["GET"]}}],"collection":[{"href":"https:\/\/ucnoqta.az\/index.php?rest_route=\/wp\/v2\/posts"}],"about":[{"href":"https:\/\/ucnoqta.az\/index.php?rest_route=\/wp\/v2\/types\/post"}],"author":[{"embeddable":true,"href":"https:\/\/ucnoqta.az\/index.php?rest_route=\/wp\/v2\/users\/1"}],"replies":[{"embeddable":true,"href":"https:\/\/ucnoqta.az\/index.php?rest_route=%2Fwp%2Fv2%2Fcomments&post=126211"}],"version-history":[{"count":0,"href":"https:\/\/ucnoqta.az\/index.php?rest_route=\/wp\/v2\/posts\/126211\/revisions"}],"wp:featuredmedia":[{"embeddable":true,"href":"https:\/\/ucnoqta.az\/index.php?rest_route=\/wp\/v2\/media\/251278"}],"wp:attachment":[{"href":"https:\/\/ucnoqta.az\/index.php?rest_route=%2Fwp%2Fv2%2Fmedia&parent=126211"}],"wp:term":[{"taxonomy":"category","embeddable":true,"href":"https:\/\/ucnoqta.az\/index.php?rest_route=%2Fwp%2Fv2%2Fcategories&post=126211"},{"taxonomy":"post_tag","embeddable":true,"href":"https:\/\/ucnoqta.az\/index.php?rest_route=%2Fwp%2Fv2%2Ftags&post=126211"}],"curies":[{"name":"wp","href":"https:\/\/api.w.org\/{rel}","templated":true}]}}