{"id":126197,"date":"2021-08-12T11:50:48","date_gmt":"2021-08-12T07:50:48","guid":{"rendered":""},"modified":"-0001-11-30T00:00:00","modified_gmt":"-0001-11-29T20:00:00","slug":"","status":"publish","type":"post","link":"https:\/\/ucnoqta.az\/?p=126197","title":{"rendered":"Nikol Pa\u015finyan \u0130lham \u018fliyevl\u0259 g\u00f6r\u00fc\u015fm\u0259k ist\u0259yir"},"content":{"rendered":"<p><strong>Erm\u0259nistan\u0131n ba\u015f naziri Nikol Pa\u015finyan Az\u0259rbaycan Prezidenti \u0130lham \u018fliyevl\u0259 g&ouml;r&uuml;\u015fm\u0259y\u0259 v\u0259 Qaraba\u011fla ba\u011fl\u0131 dan\u0131\u015f\u0131qlar aparma\u011fa haz\u0131r oldu\u011funu a&ccedil;\u0131qlay\u0131b.<\/strong><\/p>\n<p>Ucnoqta.az x\u0259b\u0259r verir ki, bu bar\u0259d\u0259 news.ru sayt\u0131 m\u0259lumat yay\u0131b.<br \/>\nN.Pa\u015finyan \u0259lav\u0259 edib ki, Erm\u0259nistan AT\u018fT-in Minsk qrupundan konkret t\u0259klifl\u0259r g&ouml;zl\u0259yir.<br \/>\nErm\u0259nistan ba\u015f naziri h\u0259m&ccedil;inin \u0259lav\u0259 edib ki, \u0130r\u0259van regional kommunikasiyalar\u0131n a&ccedil;\u0131lmas\u0131 &uuml;&ccedil;&uuml;n Erm\u0259nistan, Rusiya v\u0259 Az\u0259rbaycan ba\u015f nazir m&uuml;avinl\u0259rinin &uuml;&ccedil;t\u0259r\u0259fli komissiyas\u0131n\u0131n i\u015fini b\u0259rpa etm\u0259y\u0259 haz\u0131rd\u0131r.\/\/\/qaynarinfo<\/p>\n","protected":false},"excerpt":{"rendered":"<p>Erm\u0259nistan\u0131n ba\u015f naziri Nikol Pa\u015finyan Az\u0259rbaycan Prezidenti \u0130lham \u018fliyevl\u0259 g&ouml;r&uuml;\u015fm\u0259y\u0259 v\u0259 Qaraba\u011fla ba\u011fl\u0131 dan\u0131\u015f\u0131qlar aparma\u011fa haz\u0131r oldu\u011funu a&ccedil;\u0131qlay\u0131b. Ucnoqta.az x\u0259b\u0259r verir ki, bu bar\u0259d\u0259 news.ru sayt\u0131 m\u0259lumat yay\u0131b. N.Pa\u015finyan \u0259lav\u0259&hellip;<\/p>\n","protected":false},"author":1,"featured_media":251278,"comment_status":"open","ping_status":"open","sticky":false,"template":"","format":"standard","meta":{"_lmt_disableupdate":"","_lmt_disable":"","footnotes":""},"categories":[],"tags":[],"class_list":["post-126197","post","type-post","status-publish","format-standard","has-post-thumbnail","hentry"],"_links":{"self":[{"href":"https:\/\/ucnoqta.az\/index.php?rest_route=\/wp\/v2\/posts\/126197","targetHints":{"allow":["GET"]}}],"collection":[{"href":"https:\/\/ucnoqta.az\/index.php?rest_route=\/wp\/v2\/posts"}],"about":[{"href":"https:\/\/ucnoqta.az\/index.php?rest_route=\/wp\/v2\/types\/post"}],"author":[{"embeddable":true,"href":"https:\/\/ucnoqta.az\/index.php?rest_route=\/wp\/v2\/users\/1"}],"replies":[{"embeddable":true,"href":"https:\/\/ucnoqta.az\/index.php?rest_route=%2Fwp%2Fv2%2Fcomments&post=126197"}],"version-history":[{"count":0,"href":"https:\/\/ucnoqta.az\/index.php?rest_route=\/wp\/v2\/posts\/126197\/revisions"}],"wp:featuredmedia":[{"embeddable":true,"href":"https:\/\/ucnoqta.az\/index.php?rest_route=\/wp\/v2\/media\/251278"}],"wp:attachment":[{"href":"https:\/\/ucnoqta.az\/index.php?rest_route=%2Fwp%2Fv2%2Fmedia&parent=126197"}],"wp:term":[{"taxonomy":"category","embeddable":true,"href":"https:\/\/ucnoqta.az\/index.php?rest_route=%2Fwp%2Fv2%2Fcategories&post=126197"},{"taxonomy":"post_tag","embeddable":true,"href":"https:\/\/ucnoqta.az\/index.php?rest_route=%2Fwp%2Fv2%2Ftags&post=126197"}],"curies":[{"name":"wp","href":"https:\/\/api.w.org\/{rel}","templated":true}]}}