{"id":126194,"date":"2021-08-12T11:24:43","date_gmt":"2021-08-12T07:24:43","guid":{"rendered":""},"modified":"-0001-11-30T00:00:00","modified_gmt":"-0001-11-29T20:00:00","slug":"","status":"publish","type":"post","link":"https:\/\/ucnoqta.az\/?p=126194","title":{"rendered":"&#8220;YA\u015eAT&#8221; Fondunun n\u00fcmay\u0259nd\u0259 hey\u0259ti T\u00fcrkiy\u0259d\u0259 m\u00fcalic\u0259 alan a\u011f\u0131r yaral\u0131lar\u0131 ziyar\u0259t edib &#8211; <font color=red><b>Foto<\/b><\/font>"},"content":{"rendered":"<p><strong>&quot;YA\u015eAT&quot; Fondunun \u0259m\u0259kda\u015flar\u0131ndan ibar\u0259t n&uuml;may\u0259nd\u0259 hey\u0259ti T&uuml;rkiy\u0259d\u0259 a\u011f\u0131r yaral\u0131lar\u0131n m&uuml;alic\u0259 \u015f\u0259raiti v\u0259 proseduru il\u0259 maraqlan\u0131b, h\u0259kim hey\u0259ti il\u0259 g&ouml;r&uuml;\u015fl\u0259r ke&ccedil;irib.<\/strong><\/p>\n<p>Fonddan&nbsp;Ucnoqta.az-a veril\u0259n m\u0259lumata g&ouml;r\u0259, \u0130stanbul, Bursa v\u0259 Kocaeli \u015f\u0259h\u0259rl\u0259rind\u0259 ba\u015f tutan g&ouml;r&uuml;\u015fl\u0259r zaman\u0131 a\u011f\u0131r yaral\u0131lar\u0131m\u0131z\u0131n m&uuml;alic\u0259si istiqam\u0259tind\u0259 ciddi ir\u0259lil\u0259yi\u015fl\u0259rin oldu\u011fu m&uuml;\u015fahid\u0259 olunub.<\/p>\n<p>Xat\u0131rladaq ki, T&uuml;rkiy\u0259y\u0259 m&uuml;alic\u0259 &uuml;&ccedil;&uuml;n g&ouml;nd\u0259ril\u0259n a\u011f\u0131r yaral\u0131lar\u0131m\u0131z\u0131n m&uuml;alic\u0259 v\u0259 g&uuml;nd\u0259lik x\u0259rcl\u0259ri &quot;YA\u015eAT&quot; Fondu t\u0259r\u0259find\u0259n qar\u015f\u0131lan\u0131r. Eyni zamanda, Fond t\u0259r\u0259find\u0259n onlara m&uuml;alic\u0259 m&uuml;dd\u0259tind\u0259 ayl\u0131q x\u0259rclik verilir.<\/p>\n<p>Fond t\u0259r\u0259find\u0259n bu gu\u0308n\u0259 q\u0259d\u0259r 123 a\u011f\u0131r yaral\u0131 mu\u0308alic\u0259 u\u0308c\u0327u\u0308n Tu\u0308rkiy\u0259y\u0259 go\u0308nd\u0259rilib.<\/p>\n","protected":false},"excerpt":{"rendered":"<p>&quot;YA\u015eAT&quot; Fondunun \u0259m\u0259kda\u015flar\u0131ndan ibar\u0259t n&uuml;may\u0259nd\u0259 hey\u0259ti T&uuml;rkiy\u0259d\u0259 a\u011f\u0131r yaral\u0131lar\u0131n m&uuml;alic\u0259 \u015f\u0259raiti v\u0259 proseduru il\u0259 maraqlan\u0131b, h\u0259kim hey\u0259ti il\u0259 g&ouml;r&uuml;\u015fl\u0259r ke&ccedil;irib. Fonddan&nbsp;Ucnoqta.az-a veril\u0259n m\u0259lumata g&ouml;r\u0259, \u0130stanbul, Bursa v\u0259 Kocaeli \u015f\u0259h\u0259rl\u0259rind\u0259 ba\u015f&hellip;<\/p>\n","protected":false},"author":1,"featured_media":251278,"comment_status":"open","ping_status":"open","sticky":false,"template":"","format":"standard","meta":{"_lmt_disableupdate":"","_lmt_disable":"","footnotes":""},"categories":[101],"tags":[],"class_list":["post-126194","post","type-post","status-publish","format-standard","has-post-thumbnail","hentry","category-cemiyyet"],"_links":{"self":[{"href":"https:\/\/ucnoqta.az\/index.php?rest_route=\/wp\/v2\/posts\/126194","targetHints":{"allow":["GET"]}}],"collection":[{"href":"https:\/\/ucnoqta.az\/index.php?rest_route=\/wp\/v2\/posts"}],"about":[{"href":"https:\/\/ucnoqta.az\/index.php?rest_route=\/wp\/v2\/types\/post"}],"author":[{"embeddable":true,"href":"https:\/\/ucnoqta.az\/index.php?rest_route=\/wp\/v2\/users\/1"}],"replies":[{"embeddable":true,"href":"https:\/\/ucnoqta.az\/index.php?rest_route=%2Fwp%2Fv2%2Fcomments&post=126194"}],"version-history":[{"count":0,"href":"https:\/\/ucnoqta.az\/index.php?rest_route=\/wp\/v2\/posts\/126194\/revisions"}],"wp:featuredmedia":[{"embeddable":true,"href":"https:\/\/ucnoqta.az\/index.php?rest_route=\/wp\/v2\/media\/251278"}],"wp:attachment":[{"href":"https:\/\/ucnoqta.az\/index.php?rest_route=%2Fwp%2Fv2%2Fmedia&parent=126194"}],"wp:term":[{"taxonomy":"category","embeddable":true,"href":"https:\/\/ucnoqta.az\/index.php?rest_route=%2Fwp%2Fv2%2Fcategories&post=126194"},{"taxonomy":"post_tag","embeddable":true,"href":"https:\/\/ucnoqta.az\/index.php?rest_route=%2Fwp%2Fv2%2Ftags&post=126194"}],"curies":[{"name":"wp","href":"https:\/\/api.w.org\/{rel}","templated":true}]}}