{"id":126189,"date":"2021-08-12T10:53:03","date_gmt":"2021-08-12T06:53:03","guid":{"rendered":""},"modified":"-0001-11-30T00:00:00","modified_gmt":"-0001-11-29T20:00:00","slug":"","status":"publish","type":"post","link":"https:\/\/ucnoqta.az\/?p=126189","title":{"rendered":"\u018fmisi o\u011flunu &#8220;Land-Cruiser\u201dl\u0259 \u00f6ld\u00fcrm\u0259k ist\u0259y\u0259n \u015f\u0259xsin cinay\u0259t i\u015fi m\u0259hk\u0259m\u0259y\u0259 g\u00f6nd\u0259rilib"},"content":{"rendered":"<p><strong>09.02.2021-ci il tarixd\u0259 \u0130mi\u015fli rayon sakini \u0130sa V\u0259liyevin q\u0259sd\u0259n &ouml;ld&uuml;r&uuml;lm\u0259sin\u0259 c\u0259hd edilm\u0259si fakt\u0131 il\u0259 ba\u011fl\u0131 Cinay\u0259t M\u0259c\u0259ll\u0259sinin m&uuml;vafiq madd\u0259l\u0259ri il\u0259 ba\u015flanm\u0131\u015f cinay\u0259t i\u015finin ibtidai istintaq\u0131 tamamlan\u0131b.<\/strong><\/p>\n<p>\u0130mi\u015fli rayon prokurorlu\u011fundan Ucnoqta.az-a veril\u0259n m\u0259lumata g&ouml;r\u0259, istintaqla m&uuml;\u0259yy\u0259n edilmi\u015fdir ki, qeyd edil\u0259n tarixd\u0259 z\u0259r\u0259r&ccedil;\u0259kmi\u015fin \u0259misi o\u011flu Ceyhun V\u0259liyev rayonun Aranl\u0131 k\u0259ndi \u0259razisind\u0259 yerl\u0259\u015f\u0259n \u0259rzaq ma\u011fazas\u0131n\u0131n qar\u015f\u0131s\u0131nda \u015f\u0259xsi m&uuml;nasib\u0259tl\u0259r z\u0259minind\u0259 aralar\u0131nda yaranm\u0131\u015f m&uuml;bahis\u0259 il\u0259 \u0259laq\u0259dar \u0130sa V\u0259liyevi d&ouml;y\u0259r\u0259k ona qar\u015f\u0131 q\u0259r\u0259zli xuliqanl\u0131q h\u0259r\u0259k\u0259tl\u0259ri etmi\u015f, daha sonra h\u0259min g&uuml;n k\u0259ndin &ouml;r&uuml;\u015f otlaq sah\u0259sind\u0259 &ldquo;Toyota Land-Cruiser&rdquo; markal\u0131 avtomobilini onun &uuml;z\u0259rin\u0259 s&uuml;r\u0259r\u0259k q\u0259sd\u0259n &ouml;ld&uuml;rm\u0259y\u0259 c\u0259hd edib.<\/p>\n<p>\u0130\u015f &uuml;zr\u0259 toplanm\u0131\u015f kifay\u0259t q\u0259d\u0259r s&uuml;butlar \u0259sas\u0131nda Ceyhun V\u0259liyev\u0259 Cinay\u0259t M\u0259c\u0259ll\u0259sinin 29, 120.1 (q\u0259sd\u0259n adam &ouml;ld&uuml;rm\u0259y\u0259 c\u0259hd) v\u0259 221.1-ci (xuliqanl\u0131q) madd\u0259l\u0259ri il\u0259 ittiham elan edilmi\u015f v\u0259 bar\u0259sind\u0259 h\u0259bs q\u0259timkan t\u0259dbiri se&ccedil;ilib.<\/p>\n<p>Haz\u0131rda cinay\u0259t i\u015fi bax\u0131lmas\u0131 &uuml;&ccedil;&uuml;n L\u0259nk\u0259ran A\u011f\u0131r Cinay\u0259tl\u0259r M\u0259hk\u0259m\u0259sin\u0259 g&ouml;nd\u0259rilib.<\/p>\n","protected":false},"excerpt":{"rendered":"<p>09.02.2021-ci il tarixd\u0259 \u0130mi\u015fli rayon sakini \u0130sa V\u0259liyevin q\u0259sd\u0259n &ouml;ld&uuml;r&uuml;lm\u0259sin\u0259 c\u0259hd edilm\u0259si fakt\u0131 il\u0259 ba\u011fl\u0131 Cinay\u0259t M\u0259c\u0259ll\u0259sinin m&uuml;vafiq madd\u0259l\u0259ri il\u0259 ba\u015flanm\u0131\u015f cinay\u0259t i\u015finin ibtidai istintaq\u0131 tamamlan\u0131b. \u0130mi\u015fli rayon prokurorlu\u011fundan Ucnoqta.az-a&hellip;<\/p>\n","protected":false},"author":1,"featured_media":251278,"comment_status":"open","ping_status":"open","sticky":false,"template":"","format":"standard","meta":{"_lmt_disableupdate":"","_lmt_disable":"","footnotes":""},"categories":[],"tags":[],"class_list":["post-126189","post","type-post","status-publish","format-standard","has-post-thumbnail","hentry"],"_links":{"self":[{"href":"https:\/\/ucnoqta.az\/index.php?rest_route=\/wp\/v2\/posts\/126189","targetHints":{"allow":["GET"]}}],"collection":[{"href":"https:\/\/ucnoqta.az\/index.php?rest_route=\/wp\/v2\/posts"}],"about":[{"href":"https:\/\/ucnoqta.az\/index.php?rest_route=\/wp\/v2\/types\/post"}],"author":[{"embeddable":true,"href":"https:\/\/ucnoqta.az\/index.php?rest_route=\/wp\/v2\/users\/1"}],"replies":[{"embeddable":true,"href":"https:\/\/ucnoqta.az\/index.php?rest_route=%2Fwp%2Fv2%2Fcomments&post=126189"}],"version-history":[{"count":0,"href":"https:\/\/ucnoqta.az\/index.php?rest_route=\/wp\/v2\/posts\/126189\/revisions"}],"wp:featuredmedia":[{"embeddable":true,"href":"https:\/\/ucnoqta.az\/index.php?rest_route=\/wp\/v2\/media\/251278"}],"wp:attachment":[{"href":"https:\/\/ucnoqta.az\/index.php?rest_route=%2Fwp%2Fv2%2Fmedia&parent=126189"}],"wp:term":[{"taxonomy":"category","embeddable":true,"href":"https:\/\/ucnoqta.az\/index.php?rest_route=%2Fwp%2Fv2%2Fcategories&post=126189"},{"taxonomy":"post_tag","embeddable":true,"href":"https:\/\/ucnoqta.az\/index.php?rest_route=%2Fwp%2Fv2%2Ftags&post=126189"}],"curies":[{"name":"wp","href":"https:\/\/api.w.org\/{rel}","templated":true}]}}