{"id":126182,"date":"2021-08-12T09:58:44","date_gmt":"2021-08-12T05:58:44","guid":{"rendered":""},"modified":"-0001-11-30T00:00:00","modified_gmt":"-0001-11-29T20:00:00","slug":"","status":"publish","type":"post","link":"https:\/\/ucnoqta.az\/?p=126182","title":{"rendered":"Erm\u0259nistan silahl\u0131 q\u00fcvv\u0259l\u0259ri at\u0259\u015fk\u0259si pozub"},"content":{"rendered":"<p>Erm\u0259nistan silahl\u0131 q&uuml;vv\u0259l\u0259rinin b&ouml;lm\u0259l\u0259ri avqustun 11-i saat 22:20-d\u0259n etibar\u0259n 12-si saat 00:05-d\u0259k &Ccedil;\u0259mb\u0259r\u0259k rayonunun &Ccedil;\u0259mb\u0259r\u0259k, Ttucur, el\u0259c\u0259 d\u0259 Basarke&ccedil;\u0259r rayonunun A\u015fa\u011f\u0131 \u015eorca ya\u015fay\u0131\u015f m\u0259nt\u0259q\u0259l\u0259rind\u0259 yerl\u0259\u015f\u0259n m&ouml;vqel\u0259rind\u0259n G\u0259d\u0259b\u0259y rayonunun Zamanl\u0131, Qarav\u0259ll\u0259r, o c&uuml;ml\u0259d\u0259n K\u0259lb\u0259c\u0259r rayonunun Z\u0259ylik ya\u015fay\u0131\u015f m\u0259nt\u0259q\u0259l\u0259ri istiqam\u0259tind\u0259 yerl\u0259\u015f\u0259n Az\u0259rbaycan Ordusunun m&ouml;vqel\u0259rini fasil\u0259l\u0259rl\u0259 at\u0131c\u0131 silahlardan at\u0259\u015f\u0259 tutub.<\/p>\n<p>Bu bar\u0259d\u0259&nbsp;Ucnoqta.az-a Az\u0259rbaycan M&uuml;dafi\u0259 Nazirliyind\u0259n m\u0259lumat verilib.<\/p>\n<p>Az\u0259rbaycan Ordusunun \u015f\u0259xsi hey\u0259ti aras\u0131nda h\u0259lak olan v\u0259 yaralanan yoxdur.<\/p>\n<p>\u018fm\u0259liyyat \u015f\u0259raiti b&ouml;lm\u0259l\u0259rimizin n\u0259zar\u0259ti alt\u0131ndad\u0131r.<\/p>\n","protected":false},"excerpt":{"rendered":"<p>Erm\u0259nistan silahl\u0131 q&uuml;vv\u0259l\u0259rinin b&ouml;lm\u0259l\u0259ri avqustun 11-i saat 22:20-d\u0259n etibar\u0259n 12-si saat 00:05-d\u0259k &Ccedil;\u0259mb\u0259r\u0259k rayonunun &Ccedil;\u0259mb\u0259r\u0259k, Ttucur, el\u0259c\u0259 d\u0259 Basarke&ccedil;\u0259r rayonunun A\u015fa\u011f\u0131 \u015eorca ya\u015fay\u0131\u015f m\u0259nt\u0259q\u0259l\u0259rind\u0259 yerl\u0259\u015f\u0259n m&ouml;vqel\u0259rind\u0259n G\u0259d\u0259b\u0259y rayonunun Zamanl\u0131, Qarav\u0259ll\u0259r,&hellip;<\/p>\n","protected":false},"author":1,"featured_media":251278,"comment_status":"open","ping_status":"open","sticky":false,"template":"","format":"standard","meta":{"_lmt_disableupdate":"","_lmt_disable":"","footnotes":""},"categories":[],"tags":[],"class_list":["post-126182","post","type-post","status-publish","format-standard","has-post-thumbnail","hentry"],"_links":{"self":[{"href":"https:\/\/ucnoqta.az\/index.php?rest_route=\/wp\/v2\/posts\/126182","targetHints":{"allow":["GET"]}}],"collection":[{"href":"https:\/\/ucnoqta.az\/index.php?rest_route=\/wp\/v2\/posts"}],"about":[{"href":"https:\/\/ucnoqta.az\/index.php?rest_route=\/wp\/v2\/types\/post"}],"author":[{"embeddable":true,"href":"https:\/\/ucnoqta.az\/index.php?rest_route=\/wp\/v2\/users\/1"}],"replies":[{"embeddable":true,"href":"https:\/\/ucnoqta.az\/index.php?rest_route=%2Fwp%2Fv2%2Fcomments&post=126182"}],"version-history":[{"count":0,"href":"https:\/\/ucnoqta.az\/index.php?rest_route=\/wp\/v2\/posts\/126182\/revisions"}],"wp:featuredmedia":[{"embeddable":true,"href":"https:\/\/ucnoqta.az\/index.php?rest_route=\/wp\/v2\/media\/251278"}],"wp:attachment":[{"href":"https:\/\/ucnoqta.az\/index.php?rest_route=%2Fwp%2Fv2%2Fmedia&parent=126182"}],"wp:term":[{"taxonomy":"category","embeddable":true,"href":"https:\/\/ucnoqta.az\/index.php?rest_route=%2Fwp%2Fv2%2Fcategories&post=126182"},{"taxonomy":"post_tag","embeddable":true,"href":"https:\/\/ucnoqta.az\/index.php?rest_route=%2Fwp%2Fv2%2Ftags&post=126182"}],"curies":[{"name":"wp","href":"https:\/\/api.w.org\/{rel}","templated":true}]}}