{"id":126180,"date":"2021-08-12T09:37:16","date_gmt":"2021-08-12T05:37:16","guid":{"rendered":""},"modified":"-0001-11-30T00:00:00","modified_gmt":"-0001-11-29T20:00:00","slug":"","status":"publish","type":"post","link":"https:\/\/ucnoqta.az\/?p=126180","title":{"rendered":"Nazir m\u00fcavini vaksinasiya il\u0259 ba\u011fl\u0131 iddialara <font color=red><b>CAVAB VERD\u0130<\/b><\/font>"},"content":{"rendered":"<p><strong>Yoluxucu x\u0259st\u0259likl\u0259rl\u0259 m&uuml;bariz\u0259d\u0259 \u0259n effektiv &uuml;sul vaksinasiyad\u0131r. Bu, b&uuml;t&uuml;n d&uuml;nyada elmi c\u0259h\u0259td\u0259n t\u0259sdiq olunmu\u015f profilaktika &uuml;suludur v\u0259 t\u0259bab\u0259tin \u0259n b&ouml;y&uuml;k nailiyy\u0259tl\u0259rind\u0259n biri hesab olunur.<\/strong><\/p>\n<p>Ucnoqta.az x\u0259b\u0259r verir ki, bunu s\u0259hiyy\u0259 nazirinin m&uuml;avini Viktor Qas\u0131mov son zamanlar sosial \u015f\u0259b\u0259k\u0259l\u0259rd\u0259 vaksinasiya il\u0259 ba\u011fl\u0131 s\u0259sl\u0259ndiril\u0259n qeyri-pe\u015f\u0259kar fikirl\u0259r\u0259 m&uuml;nasib\u0259t bildir\u0259rk\u0259n deyib.<br \/>\nO qeyd edib ki, COVID-19-la m&uuml;bariz\u0259d\u0259 d\u0259 vaksinasiyan\u0131n \u0259n vacib profilaktika &uuml;sulu oldu\u011fu art\u0131q b&uuml;t&uuml;n d&uuml;nyada s&uuml;but olunub v\u0259 bunun b\u0259zi &ldquo;ekspertl\u0259r&rdquo; t\u0259r\u0259find\u0259n \u015f&uuml;bh\u0259 alt\u0131na al\u0131nmas\u0131 t\u0259\u0259cc&uuml;b do\u011furur: &quot;Bu g&uuml;n b&uuml;t&uuml;n d&uuml;nya &ouml;lk\u0259l\u0259ri vaksin t\u0259dar&uuml;k&uuml; il\u0259 m\u0259\u015f\u011fuldur ki, \u0259halinin sa\u011flaml\u0131\u011f\u0131n\u0131 t\u0259min ed\u0259 bilsinl\u0259r. T\u0259\u0259ss&uuml;fl\u0259 qeyd etm\u0259k ist\u0259rdim ki, haz\u0131rda b&uuml;t&uuml;n &ouml;lk\u0259l\u0259rin peyv\u0259ndl\u0259r\u0259 \u0259l&ccedil;atanl\u0131\u011f\u0131 b\u0259rab\u0259r deyil v\u0259 b\u0259zi &ouml;lk\u0259l\u0259r h\u0259l\u0259 d\u0259 kifay\u0259t q\u0259d\u0259r vaksinl\u0259 t\u0259min olunmay\u0131b.<br \/>\nM\u0259lum oldu\u011fu kimi, Az\u0259rbaycanda COVID-19-a qar\u015f\u0131 vaksinasiya kampaniyas\u0131na 18 yanvar 2021-ci il tarixind\u0259 start verilib v\u0259 Az\u0259rbaycan regionda vaksinasiya t\u0259dbirl\u0259rin\u0259 \u0259n tez ba\u015flayan &ouml;lk\u0259l\u0259rd\u0259ndir&quot;.<br \/>\nNazir m&uuml;avini bildirib ki, Prezident \u0130lham \u018fliyevin beyn\u0259lxalq arenadak\u0131 \u015f\u0259xsi n&uuml;fuzu say\u0259sind\u0259 m&uuml;xt\u0259lif vaksin istehsal&ccedil;\u0131lar\u0131ndan kifay\u0259t q\u0259d\u0259r vaksin preparatlar\u0131 al\u0131naraq &ouml;lk\u0259d\u0259 vaksin ehtiyat\u0131 yarad\u0131l\u0131b: &quot;Bu g&uuml;n\u0259 kimi Az\u0259rbaycanda 5,5 milyondan art\u0131q vaksin dozas\u0131 istifad\u0259 olunub.<\/p>\n<p>Sosial \u015f\u0259b\u0259k\u0259l\u0259rd\u0259 &ccedil;\u0131x\u0131\u015f ed\u0259n &ldquo;ekspertl\u0259r&rdquo; vaksinl\u0259rin saxlanma \u015f\u0259raiti il\u0259 ba\u011fl\u0131 m\u0259s\u0259l\u0259y\u0259 toxunur. H\u0259qiq\u0259t\u0259n, peyv\u0259nd istehsal&ccedil;\u0131lar\u0131n\u0131n t\u0259limat\u0131na g&ouml;r\u0259 peyv\u0259ndl\u0259rin d&uuml;zg&uuml;n qaydada saxlan\u0131lmas\u0131 onlar\u0131n keyfiyy\u0259tinin itirilm\u0259m\u0259si v\u0259 laz\u0131mi effekti \u0259ld\u0259 etm\u0259k bax\u0131m\u0131ndan &ccedil;ox vacibdir.<\/p>\n<p>Qeyd etm\u0259liyik ki, &ouml;lk\u0259mizd\u0259 irimiqyasl\u0131 peyv\u0259nd kampaniyas\u0131n\u0131n apar\u0131lmas\u0131 m\u0259qs\u0259dil\u0259 qabaqcadan haz\u0131rl\u0131q i\u015fl\u0259ri g&ouml;r&uuml;l&uuml;b. Dig\u0259r vaksinl\u0259rin saxlan\u0131lmas\u0131 &uuml;&ccedil;&uuml;n +2-8&deg;C temperatur \u015f\u0259raiti t\u0259l\u0259b olundu\u011fu halda, &ldquo;Pfizer&rdquo; vaksininin saxlan\u0131lmas\u0131 &uuml;&ccedil;&uuml;n bu \u015f\u0259rt -70&deg;C-dir. &Ouml;lk\u0259mizd\u0259 pandemiyadan \u0259vv\u0259lki d&ouml;vrd\u0259 bu kimi \u015f\u0259raitd\u0259 saxlan\u0131lmas\u0131 t\u0259l\u0259b olunan vaksinl\u0259rd\u0259n istifad\u0259 edilm\u0259yib. Bu s\u0259b\u0259bd\u0259n &ldquo;Pfizer&rdquo; vaksininin &ouml;lk\u0259y\u0259 g\u0259tirilm\u0259sind\u0259n \u0259vv\u0259l S\u0259hiyy\u0259 Nazirliyinin \u0130nnovasiya v\u0259 T\u0259chizat M\u0259rk\u0259zi &uuml;&ccedil;&uuml;n 10 \u0259d\u0259d d\u0259rin dondurucu al\u0131naraq qura\u015fd\u0131r\u0131l\u0131b. Bel\u0259likl\u0259, bu g&uuml;n &ouml;lk\u0259d\u0259 istifad\u0259 olunan b&uuml;t&uuml;n vaksinl\u0259rin (CoronaVac, AstraZeneca, Sputnik V v\u0259 Pfizer) istehsal&ccedil;\u0131n\u0131n t\u0259limat\u0131na uy\u011fun \u015f\u0259kild\u0259 saxlan\u0131lmas\u0131 &uuml;&ccedil;&uuml;n tam \u015f\u0259rait yarad\u0131l\u0131b.<\/p>\n<p>Bundan \u0259lav\u0259, vaksin preparatlar\u0131 m&uuml;vafiq \u015f\u0259raitd\u0259 saxlan\u0131lmasayd\u0131, vaksinasiyadan sonra a\u011f\u0131rla\u015fmalar, f\u0259sadlar ba\u015f verm\u0259li idi. Lakin kampaniyan\u0131n ilk g&uuml;n&uuml;nd\u0259n bu g&uuml;n\u0259 q\u0259d\u0259r bir hadis\u0259 d\u0259 olsun, k\u0259skin reaksiya v\u0259 ya a\u011f\u0131rla\u015fma qeyd\u0259 al\u0131nmay\u0131b. &Ccedil;ox nadir hallarda inyeksiya yerind\u0259 a\u011fr\u0131 v\u0259 ya vaksinasiyadan sonrak\u0131 1-2 g&uuml;n \u0259rzind\u0259 m&uuml;\u0259yy\u0259n hals\u0131zl\u0131q kimi y&uuml;ng&uuml;l reaksiyalar qeyd edilir ki, bu da ist\u0259nil\u0259n vaksin\u0259 qar\u015f\u0131 ba\u015f ver\u0259 bil\u0259c\u0259k t\u0259bii hald\u0131r v\u0259 insan orqanizmind\u0259 vaksinasiyaya qar\u015f\u0131 yaranan immun cavabd\u0131r&quot;.<\/p>\n<p>V.Qas\u0131mov hesab edir ki, bu g&uuml;n &ouml;lk\u0259d\u0259 u\u011furla davam etdiril\u0259n peyv\u0259nd kampaniyas\u0131na qar\u015f\u0131 bel\u0259 qeyri-pe\u015f\u0259kar fikirl\u0259r s\u0259sl\u0259ndirm\u0259k m\u0259qs\u0259d\u0259uy\u011fun deyil: &quot;F&uuml;rs\u0259td\u0259n istifad\u0259 ed\u0259r\u0259k, COVID-19 x\u0259st\u0259liyin\u0259 tezlikl\u0259 qalib g\u0259lm\u0259k v\u0259 v\u0259t\u0259nda\u015flar\u0131m\u0131z\u0131n sa\u011flaml\u0131\u011f\u0131n\u0131 qorumaq m\u0259qs\u0259dil\u0259 \u0259halini peyv\u0259nd kampaniyas\u0131nda daha f\u0259al i\u015ftirak etm\u0259y\u0259 d\u0259v\u0259t edir\u0259m&quot;.<\/p>\n","protected":false},"excerpt":{"rendered":"<p>Yoluxucu x\u0259st\u0259likl\u0259rl\u0259 m&uuml;bariz\u0259d\u0259 \u0259n effektiv &uuml;sul vaksinasiyad\u0131r. Bu, b&uuml;t&uuml;n d&uuml;nyada elmi c\u0259h\u0259td\u0259n t\u0259sdiq olunmu\u015f profilaktika &uuml;suludur v\u0259 t\u0259bab\u0259tin \u0259n b&ouml;y&uuml;k nailiyy\u0259tl\u0259rind\u0259n biri hesab olunur. Ucnoqta.az x\u0259b\u0259r verir ki, bunu s\u0259hiyy\u0259&hellip;<\/p>\n","protected":false},"author":1,"featured_media":251278,"comment_status":"open","ping_status":"open","sticky":false,"template":"","format":"standard","meta":{"_lmt_disableupdate":"","_lmt_disable":"","footnotes":""},"categories":[],"tags":[],"class_list":["post-126180","post","type-post","status-publish","format-standard","has-post-thumbnail","hentry"],"_links":{"self":[{"href":"https:\/\/ucnoqta.az\/index.php?rest_route=\/wp\/v2\/posts\/126180","targetHints":{"allow":["GET"]}}],"collection":[{"href":"https:\/\/ucnoqta.az\/index.php?rest_route=\/wp\/v2\/posts"}],"about":[{"href":"https:\/\/ucnoqta.az\/index.php?rest_route=\/wp\/v2\/types\/post"}],"author":[{"embeddable":true,"href":"https:\/\/ucnoqta.az\/index.php?rest_route=\/wp\/v2\/users\/1"}],"replies":[{"embeddable":true,"href":"https:\/\/ucnoqta.az\/index.php?rest_route=%2Fwp%2Fv2%2Fcomments&post=126180"}],"version-history":[{"count":0,"href":"https:\/\/ucnoqta.az\/index.php?rest_route=\/wp\/v2\/posts\/126180\/revisions"}],"wp:featuredmedia":[{"embeddable":true,"href":"https:\/\/ucnoqta.az\/index.php?rest_route=\/wp\/v2\/media\/251278"}],"wp:attachment":[{"href":"https:\/\/ucnoqta.az\/index.php?rest_route=%2Fwp%2Fv2%2Fmedia&parent=126180"}],"wp:term":[{"taxonomy":"category","embeddable":true,"href":"https:\/\/ucnoqta.az\/index.php?rest_route=%2Fwp%2Fv2%2Fcategories&post=126180"},{"taxonomy":"post_tag","embeddable":true,"href":"https:\/\/ucnoqta.az\/index.php?rest_route=%2Fwp%2Fv2%2Ftags&post=126180"}],"curies":[{"name":"wp","href":"https:\/\/api.w.org\/{rel}","templated":true}]}}