{"id":126173,"date":"2021-08-12T00:47:12","date_gmt":"2021-08-11T20:47:12","guid":{"rendered":""},"modified":"-0001-11-30T00:00:00","modified_gmt":"-0001-11-29T20:00:00","slug":"","status":"publish","type":"post","link":"https:\/\/ucnoqta.az\/?p=126173","title":{"rendered":"BMT Az\u0259rbaycan v\u0259 Erm\u0259nistana \u00e7a\u011f\u0131r\u0131\u015f edib"},"content":{"rendered":"<p>\u201cBMT-nin \u0259razid\u0259 (Qaraba\u011fda-red) monitorinq missiyas\u0131 yoxdur. Biz b\u00fct\u00fcn t\u0259r\u0259fl\u0259ri m\u00fclki v\u0259t\u0259nda\u015flar\u0131n t\u0259hl\u00fck\u0259sizliyini v\u0259 sakitliyini t\u0259min etm\u0259k \u00fc\u00e7\u00fcn bu g\u00fcn\u0259 q\u0259d\u0259r raz\u0131la\u015fd\u0131r\u0131lm\u0131\u015f m\u00fcqavil\u0259l\u0259r\u0259 h\u00f6rm\u0259t etm\u0259y\u0259 \u00e7a\u011f\u0131r\u0131r\u0131q\u201d.<\/p>\n<p>Bunu BMT-nin (Birl\u0259\u015fmi\u015f Mill\u0259tl\u0259r T\u0259\u015fkilat\u0131) s\u00f6z\u00e7\u00fcs\u00fc Stefan Dujarrik m\u0259tbuat konfrans\u0131nda &#8220;Report&#8221;un AB\u015e n\u00fcmay\u0259nd\u0259sinin Erm\u0259nistan\u0131n Az\u0259rbaycanla s\u0259rh\u0259din Nax\u00e7\u0131van Muxtar Respublikas\u0131ndan ke\u00e7\u0259n hiss\u0259sind\u0259 at\u0259\u015fk\u0259s rejimin\u0259 riay\u0259t etm\u0259m\u0259si v\u0259 at\u0259\u015fk\u0259si m\u00fcxt\u0259lif istiqam\u0259tl\u0259rd\u0259 pozmas\u0131na beyn\u0259lxalq t\u0259\u015fkilat\u0131n s\u0259ssiz qalmas\u0131 il\u0259 ba\u011fl\u0131 sual\u0131n\u0131 cavabland\u0131rark\u0259n bildirib.<\/p>\n<p>BMT s\u00f6z\u00e7\u00fcs\u00fc t\u0259r\u0259fl\u0259ri raz\u0131la\u015fd\u0131r\u0131lm\u0131\u015f m\u00fcqavil\u0259l\u0259rin \u015f\u0259rtl\u0259rin\u0259 riay\u0259t em\u0259y\u0259 \u00e7a\u011f\u0131r\u0131b.<\/p>\n","protected":false},"excerpt":{"rendered":"<p>\u201cBMT-nin \u0259razid\u0259 (Qaraba\u011fda-red) monitorinq missiyas\u0131 yoxdur. Biz b\u00fct\u00fcn t\u0259r\u0259fl\u0259ri m\u00fclki v\u0259t\u0259nda\u015flar\u0131n t\u0259hl\u00fck\u0259sizliyini v\u0259 sakitliyini t\u0259min etm\u0259k \u00fc\u00e7\u00fcn bu g\u00fcn\u0259 q\u0259d\u0259r raz\u0131la\u015fd\u0131r\u0131lm\u0131\u015f m\u00fcqavil\u0259l\u0259r\u0259 h\u00f6rm\u0259t etm\u0259y\u0259 \u00e7a\u011f\u0131r\u0131r\u0131q\u201d. Bunu BMT-nin (Birl\u0259\u015fmi\u015f Mill\u0259tl\u0259r T\u0259\u015fkilat\u0131)&hellip;<\/p>\n","protected":false},"author":1,"featured_media":251278,"comment_status":"open","ping_status":"open","sticky":false,"template":"","format":"standard","meta":{"_lmt_disableupdate":"","_lmt_disable":"","footnotes":""},"categories":[86],"tags":[],"class_list":["post-126173","post","type-post","status-publish","format-standard","has-post-thumbnail","hentry","category-siyaset"],"_links":{"self":[{"href":"https:\/\/ucnoqta.az\/index.php?rest_route=\/wp\/v2\/posts\/126173","targetHints":{"allow":["GET"]}}],"collection":[{"href":"https:\/\/ucnoqta.az\/index.php?rest_route=\/wp\/v2\/posts"}],"about":[{"href":"https:\/\/ucnoqta.az\/index.php?rest_route=\/wp\/v2\/types\/post"}],"author":[{"embeddable":true,"href":"https:\/\/ucnoqta.az\/index.php?rest_route=\/wp\/v2\/users\/1"}],"replies":[{"embeddable":true,"href":"https:\/\/ucnoqta.az\/index.php?rest_route=%2Fwp%2Fv2%2Fcomments&post=126173"}],"version-history":[{"count":0,"href":"https:\/\/ucnoqta.az\/index.php?rest_route=\/wp\/v2\/posts\/126173\/revisions"}],"wp:featuredmedia":[{"embeddable":true,"href":"https:\/\/ucnoqta.az\/index.php?rest_route=\/wp\/v2\/media\/251278"}],"wp:attachment":[{"href":"https:\/\/ucnoqta.az\/index.php?rest_route=%2Fwp%2Fv2%2Fmedia&parent=126173"}],"wp:term":[{"taxonomy":"category","embeddable":true,"href":"https:\/\/ucnoqta.az\/index.php?rest_route=%2Fwp%2Fv2%2Fcategories&post=126173"},{"taxonomy":"post_tag","embeddable":true,"href":"https:\/\/ucnoqta.az\/index.php?rest_route=%2Fwp%2Fv2%2Ftags&post=126173"}],"curies":[{"name":"wp","href":"https:\/\/api.w.org\/{rel}","templated":true}]}}