{"id":126170,"date":"2021-08-11T23:50:32","date_gmt":"2021-08-11T19:50:32","guid":{"rendered":""},"modified":"-0001-11-30T00:00:00","modified_gmt":"-0001-11-29T20:00:00","slug":"","status":"publish","type":"post","link":"https:\/\/ucnoqta.az\/?p=126170","title":{"rendered":"Erm\u0259nistan silahl\u0131 q\u00fcvv\u0259l\u0259ri  m\u00f6vqel\u0259rimizi at\u0259\u015f\u0259 tutub &#8211; <font color=red><b>MN<\/b><\/font>"},"content":{"rendered":"<p>Avqustun 11-i saat 16:20-d\u0259n 21:05-d\u0259k Erm\u0259nistan silahl\u0131 q&uuml;vv\u0259l\u0259rinin b&ouml;lm\u0259l\u0259ri Vedi rayonunun Arazd\u0259y\u0259n, Basarke&ccedil;\u0259r rayonunun G&ouml;ysu ya\u015fay\u0131\u015f m\u0259nt\u0259q\u0259l\u0259rind\u0259 v\u0259 &Ccedil;\u0259mb\u0259r\u0259k rayonu \u0259razisind\u0259 yerl\u0259\u015f\u0259n m&ouml;vqel\u0259rind\u0259n Nax&ccedil;\u0131van Muxtar Respublikas\u0131n\u0131n S\u0259d\u0259r\u0259k rayonunun Heyd\u0259rabad, G\u0259d\u0259b\u0259y rayonunun Qalak\u0259nd v\u0259 Zamanl\u0131 ya\u015fay\u0131\u015f m\u0259nt\u0259q\u0259l\u0259ri istiqam\u0259tind\u0259 yerl\u0259\u015f\u0259n Az\u0259rbaycan Ordusunun m&ouml;vqel\u0259rini fasil\u0259l\u0259rl\u0259 m&uuml;xt\u0259lif &ccedil;apl\u0131 silahlardan, o c&uuml;ml\u0259d\u0259n snayper t&uuml;f\u0259ngl\u0259rind\u0259n at\u0259\u015f\u0259 tutub.<\/p>\n<p>Ucnoqta.az x\u0259b\u0259r verir ki, bu bar\u0259d\u0259 M&uuml;dafi\u0259 Nazirliyi m\u0259lumat yay\u0131b. M\u0259lumata g&ouml;r\u0259, Az\u0259rbaycan Ordusunun \u015f\u0259xsi hey\u0259ti aras\u0131nda h\u0259lak olan v\u0259 yaralanan yoxdur.<br \/>\nQar\u015f\u0131 t\u0259r\u0259f cavab at\u0259\u015fi il\u0259 susdurulub.<br \/>\n\u018fm\u0259liyyat \u015f\u0259raiti b&ouml;lm\u0259l\u0259rimizin n\u0259zar\u0259ti alt\u0131ndad\u0131r.<\/p>\n","protected":false},"excerpt":{"rendered":"<p>Avqustun 11-i saat 16:20-d\u0259n 21:05-d\u0259k Erm\u0259nistan silahl\u0131 q&uuml;vv\u0259l\u0259rinin b&ouml;lm\u0259l\u0259ri Vedi rayonunun Arazd\u0259y\u0259n, Basarke&ccedil;\u0259r rayonunun G&ouml;ysu ya\u015fay\u0131\u015f m\u0259nt\u0259q\u0259l\u0259rind\u0259 v\u0259 &Ccedil;\u0259mb\u0259r\u0259k rayonu \u0259razisind\u0259 yerl\u0259\u015f\u0259n m&ouml;vqel\u0259rind\u0259n Nax&ccedil;\u0131van Muxtar Respublikas\u0131n\u0131n S\u0259d\u0259r\u0259k rayonunun Heyd\u0259rabad, G\u0259d\u0259b\u0259y&hellip;<\/p>\n","protected":false},"author":1,"featured_media":251278,"comment_status":"open","ping_status":"open","sticky":false,"template":"","format":"standard","meta":{"_lmt_disableupdate":"","_lmt_disable":"","footnotes":""},"categories":[],"tags":[],"class_list":["post-126170","post","type-post","status-publish","format-standard","has-post-thumbnail","hentry"],"_links":{"self":[{"href":"https:\/\/ucnoqta.az\/index.php?rest_route=\/wp\/v2\/posts\/126170","targetHints":{"allow":["GET"]}}],"collection":[{"href":"https:\/\/ucnoqta.az\/index.php?rest_route=\/wp\/v2\/posts"}],"about":[{"href":"https:\/\/ucnoqta.az\/index.php?rest_route=\/wp\/v2\/types\/post"}],"author":[{"embeddable":true,"href":"https:\/\/ucnoqta.az\/index.php?rest_route=\/wp\/v2\/users\/1"}],"replies":[{"embeddable":true,"href":"https:\/\/ucnoqta.az\/index.php?rest_route=%2Fwp%2Fv2%2Fcomments&post=126170"}],"version-history":[{"count":0,"href":"https:\/\/ucnoqta.az\/index.php?rest_route=\/wp\/v2\/posts\/126170\/revisions"}],"wp:featuredmedia":[{"embeddable":true,"href":"https:\/\/ucnoqta.az\/index.php?rest_route=\/wp\/v2\/media\/251278"}],"wp:attachment":[{"href":"https:\/\/ucnoqta.az\/index.php?rest_route=%2Fwp%2Fv2%2Fmedia&parent=126170"}],"wp:term":[{"taxonomy":"category","embeddable":true,"href":"https:\/\/ucnoqta.az\/index.php?rest_route=%2Fwp%2Fv2%2Fcategories&post=126170"},{"taxonomy":"post_tag","embeddable":true,"href":"https:\/\/ucnoqta.az\/index.php?rest_route=%2Fwp%2Fv2%2Ftags&post=126170"}],"curies":[{"name":"wp","href":"https:\/\/api.w.org\/{rel}","templated":true}]}}