{"id":126001,"date":"2021-08-10T12:00:06","date_gmt":"2021-08-10T08:00:06","guid":{"rendered":""},"modified":"-0001-11-30T00:00:00","modified_gmt":"-0001-11-29T20:00:00","slug":"","status":"publish","type":"post","link":"https:\/\/ucnoqta.az\/?p=126001","title":{"rendered":"\u201c\u0130r\u0259li\u201d \u0130ctimai Birliyi \u201cH\u0259rb Oyunlar\u0131\u201d layih\u0259sin\u0259 start verir"},"content":{"rendered":"<p style=\"color: rgb(51, 51, 51); font-family: sans-serif, Arial, Verdana, &quot;Trebuchet MS&quot;; font-size: 13px;\"><strong>&ldquo;\u0130r\u0259li&rdquo; \u0130ctimai Birliyi g\u0259ncl\u0259rd\u0259 h\u0259rbi v\u0259t\u0259np\u0259rv\u0259rlik hissinin a\u015f\u0131lanmas\u0131, z\u0259f\u0259r ruhunun formala\u015fmas\u0131 istiqam\u0259tind\u0259 t\u0259dbirl\u0259rini davam etdirir.<\/strong><\/p>\n<p style=\"color: rgb(51, 51, 51); font-family: sans-serif, Arial, Verdana, &quot;Trebuchet MS&quot;; font-size: 13px;\">Bel\u0259 t\u0259dbirl\u0259rin davam\u0131 kimi ictimai birlik Az\u0259rbaycan Respublikas\u0131 G\u0259ncl\u0259r Fondunun d\u0259st\u0259yil\u0259 g\u0259ncl\u0259rin v\u0259t\u0259np\u0259rv\u0259r v\u0259 sa\u011flam ruhda inki\u015faf\u0131na fokuslanm\u0131\u015f &ldquo;H\u0259rb Oyunlar\u0131&rdquo; layih\u0259sin\u0259 start verir.<\/p>\n<p style=\"color: rgb(51, 51, 51); font-family: sans-serif, Arial, Verdana, &quot;Trebuchet MS&quot;; font-size: 13px;\">\u0130B-d\u0259n Ucnoqta.az-a veril\u0259n m\u0259lumata g&ouml;r\u0259, layih\u0259nin m\u0259qs\u0259di V\u0259t\u0259n m&uuml;harib\u0259sind\u0259 qazand\u0131\u011f\u0131m\u0131z b&ouml;y&uuml;k q\u0259l\u0259b\u0259nin ard\u0131ndan g\u0259ncl\u0259rd\u0259 h\u0259rb sah\u0259sin\u0259 olan mara\u011f\u0131n g&uuml;n&uuml;-g&uuml;nd\u0259n artmas\u0131n\u0131 &ouml;z&uuml;nd\u0259 ehtiva ed\u0259r\u0259k, v\u0259t\u0259np\u0259rv\u0259rlik, d&ouml;z&uuml;ml&uuml;l&uuml;k, c\u0259surluq, intizam v\u0259 \u015f\u0259xsi m\u0259suliyy\u0259t hissi kimi m\u0259n\u0259vi keyfiyy\u0259tl\u0259ri inki\u015faf etdirm\u0259k, onlar\u0131 &nbsp;orduda xidm\u0259tin m&uuml;q\u0259dd\u0259s borc v\u0259 \u015f\u0259r\u0259f i\u015fi olmas\u0131na inam yaratmaqd\u0131r. Qeyd ed\u0259k ki, layih\u0259 &ccedil;\u0259r&ccedil;iv\u0259sind\u0259 h\u0259yata ke&ccedil;iril\u0259c\u0259k t\u0259dbirl\u0259r d\u0259 m\u0259hz g\u0259ncl\u0259rin bu istiqam\u0259td\u0259 formala\u015fmas\u0131, eyni zamanda h\u0259rbi sah\u0259d\u0259 bilik v\u0259 bacar\u0131qlar\u0131n\u0131n art\u0131r\u0131lmas\u0131na hesablan\u0131b.<\/p>\n<p style=\"color: rgb(51, 51, 51); font-family: sans-serif, Arial, Verdana, &quot;Trebuchet MS&quot;; font-size: 13px;\">Layih\u0259 boyunca ekstremal \u015f\u0259raitd\u0259 100-\u0259 yax\u0131n g\u0259ncin mane\u0259li qa&ccedil;\u0131\u015f, at\u0131c\u0131l\u0131q, b\u0131&ccedil;aqatma, \u0259lb\u0259yaxa d&ouml;y&uuml;\u015f v\u0259 dig\u0259r m&uuml;xt\u0259lif idman n&ouml;vl\u0259ri &uuml;zr\u0259 yar\u0131\u015f\u0131 t\u0259\u015fkil olunacaq, g\u0259ncl\u0259r yar\u0131\u015flarda birincilik u\u011frunda m&uuml;bariz\u0259 aparacaq. H\u0259m&ccedil;inin, bir h\u0259ft\u0259 \u0259rzind\u0259 pe\u015f\u0259kar idman&ccedil;\u0131lar il\u0259 master-klass, mentorlar t\u0259r\u0259find\u0259n x&uuml;susi t\u0259liml\u0259r, h\u0259rbi y&ouml;nl&uuml; fiziki-psixoloji v\u0259 intellektual oyunlar\u0131n da ke&ccedil;irilm\u0259si n\u0259z\u0259rd\u0259 tutulur.<\/p>\n<p style=\"color: rgb(51, 51, 51); font-family: sans-serif, Arial, Verdana, &quot;Trebuchet MS&quot;; font-size: 13px;\">27 avqust &ndash; 2 sentyabr tarixl\u0259rind\u0259 A\u011fdam rayonunda ba\u015f tutacaq layih\u0259nin sonunda ke&ccedil;iril\u0259n yar\u0131\u015flarda q\u0259l\u0259b\u0259 qazanm\u0131\u015f komandalar kubok v\u0259 m&uuml;xt\u0259lif h\u0259diyy\u0259l\u0259rl\u0259 t\u0259ltif olunacaqlar.<\/p>\n<p style=\"color: rgb(51, 51, 51); font-family: sans-serif, Arial, Verdana, &quot;Trebuchet MS&quot;; font-size: 13px;\">Xat\u0131rladaq ki, g\u0259ncl\u0259rd\u0259 h\u0259rbi v\u0259t\u0259np\u0259rv\u0259rlik hissinin formala\u015fmas\u0131, onlar\u0131n sa\u011flam ruhda inki\u015faf\u0131 istiqam\u0259td\u0259 t\u0259\u015fkilat t\u0259r\u0259find\u0259n 27 iyul &ndash; 3 avqust tarixl\u0259rind\u0259 G&ouml;yg&ouml;l rayonunda &ldquo;Mar\u015f \u0130r\u0259li&rdquo; layih\u0259sinin &uuml;&ccedil;&uuml;nc&uuml; m&ouml;vs&uuml;m&uuml; u\u011furla h\u0259yata ke&ccedil;irilib. Silsil\u0259 layih\u0259nin ilk m&ouml;vs&uuml;m&uuml; 2018-ci ild\u0259 A\u011fdam, ikinci m&ouml;vs&uuml;m&uuml; is\u0259 2019-cu ild\u0259 Goranboy rayonunda ba\u015f tutub. H\u0259yata ke&ccedil;iril\u0259n layih\u0259nin &uuml;&ccedil; m&ouml;vs&uuml;m&uuml;nd\u0259 &uuml;mumilikd\u0259 500-\u0259 yax\u0131n g\u0259nc i\u015ftirak edib.<\/p>\n<p style=\"color: rgb(51, 51, 51); font-family: sans-serif, Arial, Verdana, &quot;Trebuchet MS&quot;; font-size: 13px;\">&ldquo;\u0130r\u0259li&rdquo; \u0130ctimai Birliyi bundan sonra da v\u0259t\u0259np\u0259rv\u0259r g\u0259ncliyin formala\u015fmas\u0131 v\u0259 g\u0259ncl\u0259rin h\u0259rt\u0259r\u0259fli inki\u015faf\u0131 sah\u0259sind\u0259 t\u0259dbirl\u0259rini davam etdir\u0259c\u0259k.<\/p>\n","protected":false},"excerpt":{"rendered":"<p>&ldquo;\u0130r\u0259li&rdquo; \u0130ctimai Birliyi g\u0259ncl\u0259rd\u0259 h\u0259rbi v\u0259t\u0259np\u0259rv\u0259rlik hissinin a\u015f\u0131lanmas\u0131, z\u0259f\u0259r ruhunun formala\u015fmas\u0131 istiqam\u0259tind\u0259 t\u0259dbirl\u0259rini davam etdirir. Bel\u0259 t\u0259dbirl\u0259rin davam\u0131 kimi ictimai birlik Az\u0259rbaycan Respublikas\u0131 G\u0259ncl\u0259r Fondunun d\u0259st\u0259yil\u0259 g\u0259ncl\u0259rin v\u0259t\u0259np\u0259rv\u0259r v\u0259 sa\u011flam&hellip;<\/p>\n","protected":false},"author":1,"featured_media":251278,"comment_status":"open","ping_status":"open","sticky":false,"template":"","format":"standard","meta":{"_lmt_disableupdate":"","_lmt_disable":"","footnotes":""},"categories":[101],"tags":[],"class_list":["post-126001","post","type-post","status-publish","format-standard","has-post-thumbnail","hentry","category-cemiyyet"],"_links":{"self":[{"href":"https:\/\/ucnoqta.az\/index.php?rest_route=\/wp\/v2\/posts\/126001","targetHints":{"allow":["GET"]}}],"collection":[{"href":"https:\/\/ucnoqta.az\/index.php?rest_route=\/wp\/v2\/posts"}],"about":[{"href":"https:\/\/ucnoqta.az\/index.php?rest_route=\/wp\/v2\/types\/post"}],"author":[{"embeddable":true,"href":"https:\/\/ucnoqta.az\/index.php?rest_route=\/wp\/v2\/users\/1"}],"replies":[{"embeddable":true,"href":"https:\/\/ucnoqta.az\/index.php?rest_route=%2Fwp%2Fv2%2Fcomments&post=126001"}],"version-history":[{"count":0,"href":"https:\/\/ucnoqta.az\/index.php?rest_route=\/wp\/v2\/posts\/126001\/revisions"}],"wp:featuredmedia":[{"embeddable":true,"href":"https:\/\/ucnoqta.az\/index.php?rest_route=\/wp\/v2\/media\/251278"}],"wp:attachment":[{"href":"https:\/\/ucnoqta.az\/index.php?rest_route=%2Fwp%2Fv2%2Fmedia&parent=126001"}],"wp:term":[{"taxonomy":"category","embeddable":true,"href":"https:\/\/ucnoqta.az\/index.php?rest_route=%2Fwp%2Fv2%2Fcategories&post=126001"},{"taxonomy":"post_tag","embeddable":true,"href":"https:\/\/ucnoqta.az\/index.php?rest_route=%2Fwp%2Fv2%2Ftags&post=126001"}],"curies":[{"name":"wp","href":"https:\/\/api.w.org\/{rel}","templated":true}]}}