{"id":125990,"date":"2021-08-10T10:29:34","date_gmt":"2021-08-10T06:29:34","guid":{"rendered":""},"modified":"-0001-11-30T00:00:00","modified_gmt":"-0001-11-29T20:00:00","slug":"","status":"publish","type":"post","link":"https:\/\/ucnoqta.az\/?p=125990","title":{"rendered":"Eld\u0259niz S\u0259limov apelyasiya \u015fikay\u0259ti verib"},"content":{"rendered":"<p><strong>Milli M\u0259clisin q\u0259rar\u0131 il\u0259 toxunulmazl\u0131q h&uuml;ququ l\u0259\u011fv edil\u0259n v\u0259 haz\u0131rda h\u0259bsd\u0259 olan deputat Eld\u0259niz S\u0259limov apelyasiya \u015fikay\u0259ti verib.<\/strong><\/p>\n<p>Ucnoqta.az x\u0259b\u0259r verir ki,&ldquo;Report&rdquo;un \u0259ld\u0259 etdiyi m\u0259lumata g&ouml;r\u0259, o, bar\u0259sind\u0259 se&ccedil;il\u0259n h\u0259bs q\u0259timkan t\u0259dbirinin d\u0259yi\u015fdirilm\u0259sini ist\u0259yir.<\/p>\n<p>\u015eikay\u0259t\u0259 avqustun 11-d\u0259 Bak\u0131 Apelyasiya M\u0259hk\u0259m\u0259sind\u0259 bax\u0131lacaq.<\/p>\n<p>Qeyd ed\u0259k ki, iyulun 29-da Xa&ccedil;maz \u015f\u0259h\u0259rind\u0259 yerl\u0259\u015f\u0259n &ldquo;Star\u0131y Dvor&rdquo; restoran\u0131nda Milli M\u0259clisinin deputat\u0131 Eld\u0259niz S\u0259limovun polis \u0259m\u0259kda\u015f\u0131na xidm\u0259ti v\u0259zif\u0259l\u0259rinin icras\u0131 il\u0259 \u0259laq\u0259dar zor t\u0259tbiq etm\u0259si bar\u0259d\u0259 Daxili \u0130\u015fl\u0259r Nazirliyind\u0259n daxil olan material Ba\u015f Prokurorluqda ara\u015fd\u0131r\u0131l\u0131b.<\/p>\n<p>Toplanan material &uuml;zr\u0259 Cinay\u0259t M\u0259c\u0259ll\u0259sinin 309.2-ci (v\u0259zif\u0259 s\u0259lahiyy\u0259tl\u0259rini a\u015fma) madd\u0259si il\u0259 cinay\u0259t i\u015fi ba\u015flan\u0131b v\u0259 istintaq\u0131n apar\u0131lmas\u0131 Ba\u015f Prokurorlu\u011fun \u0130stintaq \u0130dar\u0259sin\u0259 tap\u015f\u0131r\u0131l\u0131b.<\/p>\n<p>Milli M\u0259clisin 3 avqustda ke&ccedil;iril\u0259n n&ouml;vb\u0259d\u0259nk\u0259nar sessiyas\u0131n\u0131n iclas\u0131nda E.S\u0259limovun deputat toxunulmazl\u0131\u011f\u0131na xitam verilib.<\/p>\n<p>H\u0259min g&uuml;n Bin\u0259q\u0259di Rayon M\u0259hk\u0259m\u0259si onun bar\u0259sind\u0259 3 ay h\u0259bs q\u0259timkan t\u0259dbiri se&ccedil;ib.<\/p>\n","protected":false},"excerpt":{"rendered":"<p>Milli M\u0259clisin q\u0259rar\u0131 il\u0259 toxunulmazl\u0131q h&uuml;ququ l\u0259\u011fv edil\u0259n v\u0259 haz\u0131rda h\u0259bsd\u0259 olan deputat Eld\u0259niz S\u0259limov apelyasiya \u015fikay\u0259ti verib. Ucnoqta.az x\u0259b\u0259r verir ki,&ldquo;Report&rdquo;un \u0259ld\u0259 etdiyi m\u0259lumata g&ouml;r\u0259, o, bar\u0259sind\u0259 se&ccedil;il\u0259n h\u0259bs&hellip;<\/p>\n","protected":false},"author":1,"featured_media":251278,"comment_status":"open","ping_status":"open","sticky":false,"template":"","format":"standard","meta":{"_lmt_disableupdate":"","_lmt_disable":"","footnotes":""},"categories":[],"tags":[],"class_list":["post-125990","post","type-post","status-publish","format-standard","has-post-thumbnail","hentry"],"_links":{"self":[{"href":"https:\/\/ucnoqta.az\/index.php?rest_route=\/wp\/v2\/posts\/125990","targetHints":{"allow":["GET"]}}],"collection":[{"href":"https:\/\/ucnoqta.az\/index.php?rest_route=\/wp\/v2\/posts"}],"about":[{"href":"https:\/\/ucnoqta.az\/index.php?rest_route=\/wp\/v2\/types\/post"}],"author":[{"embeddable":true,"href":"https:\/\/ucnoqta.az\/index.php?rest_route=\/wp\/v2\/users\/1"}],"replies":[{"embeddable":true,"href":"https:\/\/ucnoqta.az\/index.php?rest_route=%2Fwp%2Fv2%2Fcomments&post=125990"}],"version-history":[{"count":0,"href":"https:\/\/ucnoqta.az\/index.php?rest_route=\/wp\/v2\/posts\/125990\/revisions"}],"wp:featuredmedia":[{"embeddable":true,"href":"https:\/\/ucnoqta.az\/index.php?rest_route=\/wp\/v2\/media\/251278"}],"wp:attachment":[{"href":"https:\/\/ucnoqta.az\/index.php?rest_route=%2Fwp%2Fv2%2Fmedia&parent=125990"}],"wp:term":[{"taxonomy":"category","embeddable":true,"href":"https:\/\/ucnoqta.az\/index.php?rest_route=%2Fwp%2Fv2%2Fcategories&post=125990"},{"taxonomy":"post_tag","embeddable":true,"href":"https:\/\/ucnoqta.az\/index.php?rest_route=%2Fwp%2Fv2%2Ftags&post=125990"}],"curies":[{"name":"wp","href":"https:\/\/api.w.org\/{rel}","templated":true}]}}