{"id":125986,"date":"2021-08-10T10:19:43","date_gmt":"2021-08-10T06:19:43","guid":{"rendered":""},"modified":"-0001-11-30T00:00:00","modified_gmt":"-0001-11-29T20:00:00","slug":"","status":"publish","type":"post","link":"https:\/\/ucnoqta.az\/?p=125986","title":{"rendered":"6 il \u0259vv\u0259l Prezident saray\u0131na d\u0259v\u0259t olunan \u00dcmid ADA-a daxil oldu &#8211; <font color=red><b>FOTO<\/b><\/font>"},"content":{"rendered":"<p font-size:=\"\" style=\"color: rgb(51, 51, 51); font-family: sans-serif, Arial, Verdana, \" trebuchet=\"\"><strong>6 il \u0259vv\u0259l G\u0259nc\u0259d\u0259n olan m\u0259kt\u0259bli &Uuml;mid H\u0259bibov Az\u0259rbaycan Prezidenti \u0130lham \u018fliyev\u0259 g\u0259l\u0259c\u0259kd\u0259 ADA Universitetin\u0259 q\u0259bul olma\u011f\u0131 arzulad\u0131\u011f\u0131n\u0131 demi\u015fdi.<\/strong><\/p>\n<p font-size:=\"\" style=\"color: rgb(51, 51, 51); font-family: sans-serif, Arial, Verdana, \" trebuchet=\"\">Bunu universitetin prorektoru Fariz \u0130smay\u0131lzad\u0259 feysbukda bildirib.<\/p>\n<p font-size:=\"\" style=\"color: rgb(51, 51, 51); font-family: sans-serif, Arial, Verdana, \" trebuchet=\"\">&ldquo;Bu g&uuml;n &Uuml;mid biz\u0259 qonaq g\u0259ldi v\u0259 kampusu g\u0259zdi&rdquo;, &#8211; o yaz\u0131b.<\/p>\n<p font-size:=\"\" style=\"color: rgb(51, 51, 51); font-family: sans-serif, Arial, Verdana, \" trebuchet=\"\">Qeyd etm\u0259k laz\u0131md\u0131r ki, &Uuml;mid bu il m\u0259kt\u0259bi bitirib v\u0259 q\u0259bul imtahan\u0131nda y&uuml;ks\u0259k bal toplay\u0131b. O, ali t\u0259hsil &uuml;&ccedil;&uuml;n ADA Universitetini se&ccedil;ib.<\/p>\n<p font-size:=\"\" style=\"color: rgb(51, 51, 51); font-family: sans-serif, Arial, Verdana, \" trebuchet=\"\">H\u0259l\u0259 2014-c&uuml; il oktyabr\u0131n 18-d\u0259 Prezident \u0130lham \u018fliyev v\u0259 xan\u0131m\u0131 Mehriban \u018fliyeva G\u0259nc\u0259d\u0259 s\u0259f\u0259rd\u0259 olark\u0259n \u015f\u0259h\u0259rin g\u0259nc sakini &Uuml;mid H\u0259bibov onlara yax\u0131nla\u015fm\u0131\u015f v\u0259 Prezidentl\u0259 xan\u0131m\u0131n\u0131ndan onun do\u011fum g&uuml;n&uuml;nd\u0259 i\u015ftirak etm\u0259l\u0259rini xahi\u015f etmi\u015fdi.<\/p>\n<p font-size:=\"\" style=\"color: rgb(51, 51, 51); font-family: sans-serif, Arial, Verdana, \" trebuchet=\"\">\u0130lham \u018fliyev v\u0259 Mehriban \u018fliyeva onun bu xahi\u015fini yerin\u0259 yetir\u0259c\u0259kl\u0259rin\u0259 s&ouml;z vermi\u015fdil\u0259r. 2015-ci il mart\u0131n 19-da &Uuml;mid do\u011fum g&uuml;n&uuml; m&uuml;nasib\u0259til\u0259 Prezident Saray\u0131na &ccedil;ay s&uuml;fr\u0259sin\u0259 d\u0259v\u0259t edilmi\u015fdi.\/\/\/manset.az<\/p>\n","protected":false},"excerpt":{"rendered":"<p>6 il \u0259vv\u0259l G\u0259nc\u0259d\u0259n olan m\u0259kt\u0259bli &Uuml;mid H\u0259bibov Az\u0259rbaycan Prezidenti \u0130lham \u018fliyev\u0259 g\u0259l\u0259c\u0259kd\u0259 ADA Universitetin\u0259 q\u0259bul olma\u011f\u0131 arzulad\u0131\u011f\u0131n\u0131 demi\u015fdi. Bunu universitetin prorektoru Fariz \u0130smay\u0131lzad\u0259 feysbukda bildirib. &ldquo;Bu g&uuml;n &Uuml;mid biz\u0259&hellip;<\/p>\n","protected":false},"author":1,"featured_media":251278,"comment_status":"open","ping_status":"open","sticky":false,"template":"","format":"standard","meta":{"_lmt_disableupdate":"","_lmt_disable":"","footnotes":""},"categories":[101],"tags":[],"class_list":["post-125986","post","type-post","status-publish","format-standard","has-post-thumbnail","hentry","category-cemiyyet"],"_links":{"self":[{"href":"https:\/\/ucnoqta.az\/index.php?rest_route=\/wp\/v2\/posts\/125986","targetHints":{"allow":["GET"]}}],"collection":[{"href":"https:\/\/ucnoqta.az\/index.php?rest_route=\/wp\/v2\/posts"}],"about":[{"href":"https:\/\/ucnoqta.az\/index.php?rest_route=\/wp\/v2\/types\/post"}],"author":[{"embeddable":true,"href":"https:\/\/ucnoqta.az\/index.php?rest_route=\/wp\/v2\/users\/1"}],"replies":[{"embeddable":true,"href":"https:\/\/ucnoqta.az\/index.php?rest_route=%2Fwp%2Fv2%2Fcomments&post=125986"}],"version-history":[{"count":0,"href":"https:\/\/ucnoqta.az\/index.php?rest_route=\/wp\/v2\/posts\/125986\/revisions"}],"wp:featuredmedia":[{"embeddable":true,"href":"https:\/\/ucnoqta.az\/index.php?rest_route=\/wp\/v2\/media\/251278"}],"wp:attachment":[{"href":"https:\/\/ucnoqta.az\/index.php?rest_route=%2Fwp%2Fv2%2Fmedia&parent=125986"}],"wp:term":[{"taxonomy":"category","embeddable":true,"href":"https:\/\/ucnoqta.az\/index.php?rest_route=%2Fwp%2Fv2%2Fcategories&post=125986"},{"taxonomy":"post_tag","embeddable":true,"href":"https:\/\/ucnoqta.az\/index.php?rest_route=%2Fwp%2Fv2%2Ftags&post=125986"}],"curies":[{"name":"wp","href":"https:\/\/api.w.org\/{rel}","templated":true}]}}