{"id":125982,"date":"2021-08-10T09:45:28","date_gmt":"2021-08-10T05:45:28","guid":{"rendered":""},"modified":"-0001-11-30T00:00:00","modified_gmt":"-0001-11-29T20:00:00","slug":"","status":"publish","type":"post","link":"https:\/\/ucnoqta.az\/?p=125982","title":{"rendered":"Balak\u0259nd\u0259 \u015fadl\u0131q saray\u0131n\u0131n inzibat\u00e7\u0131s\u0131 h\u0259bs olunub &#8211; <font color=red><b>FOTO<\/b><\/font>"},"content":{"rendered":"<p><strong>Balak\u0259n Rayon Polis \u015e&ouml;b\u0259sinin \u0259m\u0259kda\u015flar\u0131 t\u0259r\u0259find\u0259n ke&ccedil;iril\u0259n monitorinql\u0259r zaman\u0131 &ldquo;Balak\u0259n&rdquo; \u015fadl\u0131q saray\u0131nda ke&ccedil;iril\u0259n toy m\u0259rasimind\u0259 karantin rejiml\u0259rinin pozulmas\u0131 hallar\u0131 a\u015fkarlan\u0131b.<\/strong><\/p>\n<p>D\u0130N-in M\u0259tbuat Xidm\u0259tinin \u015e\u0259ki regional qrupundan Ucnoqta.az-a&nbsp;veril\u0259n m\u0259lumata g&ouml;r\u0259, yoxlamalar zaman\u0131 \u015fadl\u0131q saray\u0131nda t\u0259\u015fkil edil\u0259n toy m\u0259rasimi bar\u0259d\u0259 m\u0259lumatlar\u0131n &ldquo;icaze.e-gov.az&rdquo;portal\u0131nda qeydiyyatdan ke&ccedil;irilm\u0259diyi m\u0259lum olub.<\/p>\n<p>A\u015fkarlanm\u0131\u015f qayda pozuntular\u0131 il\u0259 ba\u011fl\u0131 h\u0259min obyektin inzibat&ccedil;\u0131s\u0131 \u0130brahim \u018fliyev bar\u0259sind\u0259 toplanm\u0131\u015f materiallar rayon m\u0259hk\u0259m\u0259sin\u0259 g&ouml;nd\u0259rilib v\u0259 m\u0259hk\u0259m\u0259nin d\u0259 q\u0259rar\u0131 il\u0259 o, 8 g&uuml;n m&uuml;dd\u0259tin\u0259 inzibati qaydada h\u0259bs olunub. Toy sahibi Ayd\u0131n Mustafayev bar\u0259sind\u0259 is\u0259 protokol t\u0259rtib olunub v\u0259 o, 400 manat m\u0259bl\u0259\u011find\u0259 c\u0259rim\u0259l\u0259nib.<\/p>\n<p>Qeyd ed\u0259k ki, &ouml;t\u0259n ay da h\u0259min \u015fadl\u0131q saray\u0131nda ke&ccedil;iril\u0259n toy m\u0259rasimind\u0259 karantin qaydalar\u0131 pozuldu\u011fu &uuml;&ccedil;&uuml;n obyektin sahibi 4 min manat m\u0259bl\u0259\u011find\u0259 c\u0259rim\u0259 edilmi\u015fdi.<\/p>\n<p>&nbsp;<\/p>\n","protected":false},"excerpt":{"rendered":"<p>Balak\u0259n Rayon Polis \u015e&ouml;b\u0259sinin \u0259m\u0259kda\u015flar\u0131 t\u0259r\u0259find\u0259n ke&ccedil;iril\u0259n monitorinql\u0259r zaman\u0131 &ldquo;Balak\u0259n&rdquo; \u015fadl\u0131q saray\u0131nda ke&ccedil;iril\u0259n toy m\u0259rasimind\u0259 karantin rejiml\u0259rinin pozulmas\u0131 hallar\u0131 a\u015fkarlan\u0131b. D\u0130N-in M\u0259tbuat Xidm\u0259tinin \u015e\u0259ki regional qrupundan Ucnoqta.az-a&nbsp;veril\u0259n m\u0259lumata g&ouml;r\u0259, yoxlamalar&hellip;<\/p>\n","protected":false},"author":1,"featured_media":251278,"comment_status":"open","ping_status":"open","sticky":false,"template":"","format":"standard","meta":{"_lmt_disableupdate":"","_lmt_disable":"","footnotes":""},"categories":[],"tags":[],"class_list":["post-125982","post","type-post","status-publish","format-standard","has-post-thumbnail","hentry"],"_links":{"self":[{"href":"https:\/\/ucnoqta.az\/index.php?rest_route=\/wp\/v2\/posts\/125982","targetHints":{"allow":["GET"]}}],"collection":[{"href":"https:\/\/ucnoqta.az\/index.php?rest_route=\/wp\/v2\/posts"}],"about":[{"href":"https:\/\/ucnoqta.az\/index.php?rest_route=\/wp\/v2\/types\/post"}],"author":[{"embeddable":true,"href":"https:\/\/ucnoqta.az\/index.php?rest_route=\/wp\/v2\/users\/1"}],"replies":[{"embeddable":true,"href":"https:\/\/ucnoqta.az\/index.php?rest_route=%2Fwp%2Fv2%2Fcomments&post=125982"}],"version-history":[{"count":0,"href":"https:\/\/ucnoqta.az\/index.php?rest_route=\/wp\/v2\/posts\/125982\/revisions"}],"wp:featuredmedia":[{"embeddable":true,"href":"https:\/\/ucnoqta.az\/index.php?rest_route=\/wp\/v2\/media\/251278"}],"wp:attachment":[{"href":"https:\/\/ucnoqta.az\/index.php?rest_route=%2Fwp%2Fv2%2Fmedia&parent=125982"}],"wp:term":[{"taxonomy":"category","embeddable":true,"href":"https:\/\/ucnoqta.az\/index.php?rest_route=%2Fwp%2Fv2%2Fcategories&post=125982"},{"taxonomy":"post_tag","embeddable":true,"href":"https:\/\/ucnoqta.az\/index.php?rest_route=%2Fwp%2Fv2%2Ftags&post=125982"}],"curies":[{"name":"wp","href":"https:\/\/api.w.org\/{rel}","templated":true}]}}