{"id":125970,"date":"2021-08-10T07:23:32","date_gmt":"2021-08-10T03:23:32","guid":{"rendered":""},"modified":"-0001-11-30T00:00:00","modified_gmt":"-0001-11-29T20:00:00","slug":"","status":"publish","type":"post","link":"https:\/\/ucnoqta.az\/?p=125970","title":{"rendered":"&#8220;Barselona&#8221; Messiy\u0259 yeni t\u0259klif ir\u0259li s\u00fcr\u00fcb &#8211; <font color=red><b>K\u0130V<\/b><\/font>"},"content":{"rendered":"<p>\u0130spaniyan\u0131n &#8220;Barselona&#8221; futbol klubu son d\u0259f\u0259 Argentina y\u0131\u011fmas\u0131n\u0131n h\u00fccum\u00e7usu Lionel Messi il\u0259 m\u00fcqavil\u0259ni imzalamaq c\u0259hdin\u0259 t\u0259\u015f\u0259bb\u00fcs g\u00f6st\u0259rib.<\/p>\n<p>\u201cReport\u201d x\u0259b\u0259r verir ki, bu bar\u0259d\u0259 \u0130spaniyan\u0131n \u201cMundo Deportivo\u201d n\u0259\u015fri \u201cLa Porteria\u201dya istinad\u0259n m\u0259lumat yay\u0131b.<\/p>\n<p>M\u0259lumata g\u00f6r\u0259, klubun ba\u015f direktoru Ferran Reverter futbol\u00e7u il\u0259 dan\u0131\u015f\u0131qlar apar\u0131b v\u0259 ona klubda qalmaqla ba\u011fl\u0131 yeni t\u0259klif ir\u0259li s\u00fcr\u00fcb. Dan\u0131\u015f\u0131qlar\u0131n dig\u0259r t\u0259f\u0259rr\u00fcatlar\u0131 a\u00e7\u0131qlanm\u0131r.<\/p>\n<p>Avqustun 5-d\u0259 &#8220;Barselona&#8221; Messi il\u0259 raz\u0131la\u015fman\u0131 uzatmayaca\u011f\u0131n\u0131 elan edib. Bu \u0130spaniya La Liqas\u0131n\u0131n reqlamentininin maliyy\u0259 v\u0259 struktur mane\u0259l\u0259ri il\u0259 ba\u011fl\u0131d\u0131r. Bildirilir ki, argentinal\u0131 Fransan\u0131n &#8220;Pari Sen-Jermen\u201d klubuna&#8221; ke\u00e7id\u0259 yax\u0131nd\u0131r.<\/p>\n","protected":false},"excerpt":{"rendered":"<p>\u0130spaniyan\u0131n &#8220;Barselona&#8221; futbol klubu son d\u0259f\u0259 Argentina y\u0131\u011fmas\u0131n\u0131n h\u00fccum\u00e7usu Lionel Messi il\u0259 m\u00fcqavil\u0259ni imzalamaq c\u0259hdin\u0259 t\u0259\u015f\u0259bb\u00fcs g\u00f6st\u0259rib. \u201cReport\u201d x\u0259b\u0259r verir ki, bu bar\u0259d\u0259 \u0130spaniyan\u0131n \u201cMundo Deportivo\u201d n\u0259\u015fri \u201cLa Porteria\u201dya istinad\u0259n&hellip;<\/p>\n","protected":false},"author":1,"featured_media":251278,"comment_status":"open","ping_status":"open","sticky":false,"template":"","format":"standard","meta":{"_lmt_disableupdate":"","_lmt_disable":"","footnotes":""},"categories":[90],"tags":[],"class_list":["post-125970","post","type-post","status-publish","format-standard","has-post-thumbnail","hentry","category-idman-butun-xeberler"],"_links":{"self":[{"href":"https:\/\/ucnoqta.az\/index.php?rest_route=\/wp\/v2\/posts\/125970","targetHints":{"allow":["GET"]}}],"collection":[{"href":"https:\/\/ucnoqta.az\/index.php?rest_route=\/wp\/v2\/posts"}],"about":[{"href":"https:\/\/ucnoqta.az\/index.php?rest_route=\/wp\/v2\/types\/post"}],"author":[{"embeddable":true,"href":"https:\/\/ucnoqta.az\/index.php?rest_route=\/wp\/v2\/users\/1"}],"replies":[{"embeddable":true,"href":"https:\/\/ucnoqta.az\/index.php?rest_route=%2Fwp%2Fv2%2Fcomments&post=125970"}],"version-history":[{"count":0,"href":"https:\/\/ucnoqta.az\/index.php?rest_route=\/wp\/v2\/posts\/125970\/revisions"}],"wp:featuredmedia":[{"embeddable":true,"href":"https:\/\/ucnoqta.az\/index.php?rest_route=\/wp\/v2\/media\/251278"}],"wp:attachment":[{"href":"https:\/\/ucnoqta.az\/index.php?rest_route=%2Fwp%2Fv2%2Fmedia&parent=125970"}],"wp:term":[{"taxonomy":"category","embeddable":true,"href":"https:\/\/ucnoqta.az\/index.php?rest_route=%2Fwp%2Fv2%2Fcategories&post=125970"},{"taxonomy":"post_tag","embeddable":true,"href":"https:\/\/ucnoqta.az\/index.php?rest_route=%2Fwp%2Fv2%2Ftags&post=125970"}],"curies":[{"name":"wp","href":"https:\/\/api.w.org\/{rel}","templated":true}]}}