{"id":125969,"date":"2021-08-10T00:21:39","date_gmt":"2021-08-09T20:21:39","guid":{"rendered":""},"modified":"-0001-11-30T00:00:00","modified_gmt":"-0001-11-29T20:00:00","slug":"","status":"publish","type":"post","link":"https:\/\/ucnoqta.az\/?p=125969","title":{"rendered":"Bu g\u00fcnd\u0259n Az\u0259rbaycanda M\u0259h\u0259rr\u0259m ay\u0131 ba\u015flay\u0131r"},"content":{"rendered":"<p><strong>Bu g&uuml;n Az\u0259rbaycanda M\u0259h\u0259rr\u0259m ay\u0131 ba\u015flay\u0131r.<\/strong><\/p>\n<p>Qafqaz M&uuml;s\u0259lmanlar\u0131 \u0130dar\u0259sind\u0259n veril\u0259n m\u0259lumata g&ouml;r\u0259, Hicri-q\u0259m\u0259ri t\u0259qvimi il\u0259 1442-ci il ba\u015fa &ccedil;at\u0131r, yeni 1443-c&uuml; ilin ba\u015flan\u011f\u0131c\u0131 &ndash; M\u0259h\u0259rr\u0259m ay\u0131n\u0131n 1-i Miladi t\u0259qviml\u0259 2021-ci il avqust ay\u0131n\u0131n 10-na, M\u0259h\u0259rr\u0259m ay\u0131n\u0131n 10-u &#8211; A\u015fura g&uuml;n&uuml; is\u0259 2021-ci il avqust ay\u0131n\u0131n 19-na t\u0259sad&uuml;f edir.<\/p>\n<p>Qeyd ed\u0259k ki, QM\u0130 Qaz\u0131lar \u015euras\u0131 v\u0259 s\u0259lahiyy\u0259tli n&uuml;may\u0259nd\u0259l\u0259ri M\u0259h\u0259rr\u0259m ay\u0131n\u0131n ba\u015flamas\u0131 il\u0259 \u0259laq\u0259dar v\u0259t\u0259nda\u015flara m&uuml;raci\u0259t edib.<\/p>\n<p>M&uuml;raci\u0259td\u0259 qeyd olunub ki, M\u0259h\u0259rr\u0259mlik bu il d\u0259 d&uuml;nyada davam ed\u0259n koronavirus b\u0259las\u0131 il\u0259 \u0259laq\u0259dar m&uuml;v\u0259qq\u0259ti m\u0259hdudiyy\u0259tl\u0259r \u015f\u0259raitind\u0259 ke&ccedil;\u0259c\u0259k:<\/p>\n<p>&quot;M\u0259cburi karantin t\u0259dbirl\u0259ri virus t\u0259hl&uuml;k\u0259sinin &ccedil;oxalmamas\u0131 &uuml;&ccedil;&uuml;n insanlar\u0131n s\u0131x topla\u015fmamas\u0131 qaydalar\u0131n\u0131 n\u0259z\u0259rd\u0259 tutur. Nazirl\u0259r Kabineti yan\u0131nda Operativ Q\u0259rargah\u0131n q\u0259rar\u0131na \u0259sas\u0259n, sosial m\u0259saf\u0259nin t\u0259mini m&uuml;mk&uuml;n olmayan k&uuml;tl\u0259vi m\u0259rasiml\u0259rd\u0259 virusa yoluxma say\u0131n\u0131n artma t\u0259hl&uuml;k\u0259sini n\u0259z\u0259r\u0259 alaraq, Qafqaz M&uuml;s\u0259lmanlar\u0131 \u0130dar\u0259sinin Qaz\u0131lar \u015euras\u0131 v\u0259 s\u0259lahiyy\u0259tli n&uuml;may\u0259nd\u0259l\u0259ri t&ouml;vsiy\u0259 edirl\u0259r ki, bu il M\u0259h\u0259rr\u0259mlik d&ouml;n\u0259mind\u0259 m\u0259scid v\u0259 ziyar\u0259tgahlarda ibad\u0259tl\u0259rin v\u0259 m\u0259rasiml\u0259rinin karantin qaydalar\u0131na uy\u011fun olaraq ke&ccedil;irilm\u0259si vacibdir&quot;.<\/p>\n<p>Eyni zamanda, qeyd edilib ki, son ill\u0259r M\u0259h\u0259rr\u0259mlik d&ouml;n\u0259mind\u0259 Qafqaz M&uuml;s\u0259lmanlar\u0131 \u0130dar\u0259sinin t\u0259\u015f\u0259bb&uuml;s&uuml; il\u0259 ger&ccedil;\u0259kl\u0259\u015f\u0259n v\u0259 xalq\u0131m\u0131z t\u0259r\u0259find\u0259n t\u0259qdir edil\u0259n tibbi ehtiyaclar &uuml;&ccedil;&uuml;n K\u0259rb\u0259la \u015f\u0259hidl\u0259rinin xatir\u0259sin\u0259 qan verilm\u0259si \u0259n m&uuml;nasib \u0259zadarl\u0131q n&uuml;mun\u0259sidir:<\/p>\n<p>&quot;&Uuml;midvar\u0131q ki, in\u015fAllah, dindarlar\u0131m\u0131z bu il d\u0259 humanist \u0259n\u0259n\u0259ni davam etdir\u0259r\u0259k, pandemiya s\u0259b\u0259bind\u0259n qan bank\u0131n\u0131n paytaxtda v\u0259 b&ouml;lg\u0259l\u0259rd\u0259ki filiallar\u0131nda, habel\u0259 dig\u0259r s\u0259hiyy\u0259 ocaqlar\u0131nda \u0130mam H&uuml;seyn xatirin\u0259 ehsan niyy\u0259ti il\u0259 qan ver\u0259c\u0259kl\u0259r. H\u0259min m\u0259kanlar\u0131n &uuml;nvanlar\u0131 Qafqaz M&uuml;s\u0259lmanlar\u0131 \u0130dar\u0259sinin r\u0259smi veb s\u0259hif\u0259sind\u0259 (www.qafqazislam.com) yerl\u0259\u015fdirilib.<\/p>\n<p>QM\u0130-nin yerl\u0259rd\u0259ki qaz\u0131lar\u0131, s\u0259lahiyy\u0259tli n&uuml;may\u0259nd\u0259l\u0259ri v\u0259 imamlar\u0131 bu M&uuml;raci\u0259tin m&uuml;dd\u0259alar\u0131n\u0131 dindarlar\u0131n n\u0259z\u0259rin\u0259 &ccedil;atd\u0131rmal\u0131, m&uuml;vafiq d&ouml;vl\u0259t qurumlar\u0131 il\u0259 \u0259m\u0259kda\u015fl\u0131q v\u0259 koordinasiya ed\u0259r\u0259k, dini ayinl\u0259rin operativ q\u0259rargah\u0131n qayda v\u0259 t&ouml;vsiy\u0259l\u0259rin\u0259 riay\u0259t olunmas\u0131 \u015f\u0259rti il\u0259 yerin\u0259 yetirilm\u0259sini t\u0259min etm\u0259lidirl\u0259r&rdquo;.<\/p>\n","protected":false},"excerpt":{"rendered":"<p>Bu g&uuml;n Az\u0259rbaycanda M\u0259h\u0259rr\u0259m ay\u0131 ba\u015flay\u0131r. Qafqaz M&uuml;s\u0259lmanlar\u0131 \u0130dar\u0259sind\u0259n veril\u0259n m\u0259lumata g&ouml;r\u0259, Hicri-q\u0259m\u0259ri t\u0259qvimi il\u0259 1442-ci il ba\u015fa &ccedil;at\u0131r, yeni 1443-c&uuml; ilin ba\u015flan\u011f\u0131c\u0131 &ndash; M\u0259h\u0259rr\u0259m ay\u0131n\u0131n 1-i Miladi t\u0259qviml\u0259 2021-ci&hellip;<\/p>\n","protected":false},"author":1,"featured_media":251278,"comment_status":"open","ping_status":"open","sticky":false,"template":"","format":"standard","meta":{"_lmt_disableupdate":"","_lmt_disable":"","footnotes":""},"categories":[],"tags":[],"class_list":["post-125969","post","type-post","status-publish","format-standard","has-post-thumbnail","hentry"],"_links":{"self":[{"href":"https:\/\/ucnoqta.az\/index.php?rest_route=\/wp\/v2\/posts\/125969","targetHints":{"allow":["GET"]}}],"collection":[{"href":"https:\/\/ucnoqta.az\/index.php?rest_route=\/wp\/v2\/posts"}],"about":[{"href":"https:\/\/ucnoqta.az\/index.php?rest_route=\/wp\/v2\/types\/post"}],"author":[{"embeddable":true,"href":"https:\/\/ucnoqta.az\/index.php?rest_route=\/wp\/v2\/users\/1"}],"replies":[{"embeddable":true,"href":"https:\/\/ucnoqta.az\/index.php?rest_route=%2Fwp%2Fv2%2Fcomments&post=125969"}],"version-history":[{"count":0,"href":"https:\/\/ucnoqta.az\/index.php?rest_route=\/wp\/v2\/posts\/125969\/revisions"}],"wp:featuredmedia":[{"embeddable":true,"href":"https:\/\/ucnoqta.az\/index.php?rest_route=\/wp\/v2\/media\/251278"}],"wp:attachment":[{"href":"https:\/\/ucnoqta.az\/index.php?rest_route=%2Fwp%2Fv2%2Fmedia&parent=125969"}],"wp:term":[{"taxonomy":"category","embeddable":true,"href":"https:\/\/ucnoqta.az\/index.php?rest_route=%2Fwp%2Fv2%2Fcategories&post=125969"},{"taxonomy":"post_tag","embeddable":true,"href":"https:\/\/ucnoqta.az\/index.php?rest_route=%2Fwp%2Fv2%2Ftags&post=125969"}],"curies":[{"name":"wp","href":"https:\/\/api.w.org\/{rel}","templated":true}]}}