{"id":125962,"date":"2021-08-09T23:21:07","date_gmt":"2021-08-09T19:21:07","guid":{"rendered":""},"modified":"-0001-11-30T00:00:00","modified_gmt":"-0001-11-29T20:00:00","slug":"","status":"publish","type":"post","link":"https:\/\/ucnoqta.az\/?p=125962","title":{"rendered":"Bak\u0131da qad\u0131n \u00f6z\u00fcn\u00fc binadan atd\u0131"},"content":{"rendered":"<h1 style=\"color: rgb(19, 49, 127); font-family: pf_din_text_cond_promedium, Arial, sans-serif; margin: 15px 0px 5px; font-size: 42px; background-color: rgb(255, 255, 255);\"><strong><span style=\"color: rgb(51, 51, 51); font-family: Arial, sans-serif; font-size: 18px;\">Bu g&uuml;n ax\u015fam saatlar\u0131nda Bak\u0131n\u0131n Sabun&ccedil;u rayonu, Bak\u0131xanov q\u0259s\u0259b\u0259sind\u0259 intihar hadis\u0259si ba\u015f verib.<\/span><\/strong><\/h1>\n<p style=\"line-height: 1.6; font-size: 18px; color: rgb(51, 51, 51); margin-top: 5px; margin-bottom: 20px; font-family: Arial, sans-serif; background-color: rgb(255, 255, 255);\">Ucnoqta.az &ldquo;Qafqazinfo&rdquo;ya istinad\u0259n x\u0259b\u0259r verir ki, hadis\u0259 Yav\u0259r \u018fliyev k&uuml;&ccedil;\u0259sind\u0259 yerl\u0259\u015f\u0259n &ldquo;Akkord&rdquo; kompleksind\u0259 qeyd\u0259 al\u0131n\u0131b.<\/p>\n<div class=\"AdviadNativeVideo\" id=\"AdviadNativeVideo0\" style=\"line-height: 1.6; font-size: 18px; color: rgb(51, 51, 51); font-family: Arial, sans-serif; background-color: rgb(255, 255, 255); max-width: 720px;\">Bel\u0259 ki, 30-35 ya\u015fl\u0131 qad\u0131n &ouml;z&uuml;n&uuml; binan\u0131n dam\u0131ndan at\u0131b. O, hadis\u0259 yerind\u0259 ke&ccedil;inib.&nbsp;\u0130lkin m\u0259lumata g&ouml;r\u0259, intihar ed\u0259n qad\u0131n s&ouml;z&uuml;ged\u0259n binan\u0131n sakini olmay\u0131b.<\/div>\n<p style=\"line-height: 1.6; font-size: 18px; color: rgb(51, 51, 51); margin-top: 5px; margin-bottom: 20px; font-family: Arial, sans-serif; background-color: rgb(255, 255, 255);\">Faktla ba\u011fl\u0131 ara\u015fd\u0131rma apar\u0131l\u0131r.<\/p>\n","protected":false},"excerpt":{"rendered":"<p>Bu g&uuml;n ax\u015fam saatlar\u0131nda Bak\u0131n\u0131n Sabun&ccedil;u rayonu, Bak\u0131xanov q\u0259s\u0259b\u0259sind\u0259 intihar hadis\u0259si ba\u015f verib. Ucnoqta.az &ldquo;Qafqazinfo&rdquo;ya istinad\u0259n x\u0259b\u0259r verir ki, hadis\u0259 Yav\u0259r \u018fliyev k&uuml;&ccedil;\u0259sind\u0259 yerl\u0259\u015f\u0259n &ldquo;Akkord&rdquo; kompleksind\u0259 qeyd\u0259 al\u0131n\u0131b. Bel\u0259 ki,&hellip;<\/p>\n","protected":false},"author":1,"featured_media":251278,"comment_status":"open","ping_status":"open","sticky":false,"template":"","format":"standard","meta":{"_lmt_disableupdate":"","_lmt_disable":"","footnotes":""},"categories":[],"tags":[],"class_list":["post-125962","post","type-post","status-publish","format-standard","has-post-thumbnail","hentry"],"_links":{"self":[{"href":"https:\/\/ucnoqta.az\/index.php?rest_route=\/wp\/v2\/posts\/125962","targetHints":{"allow":["GET"]}}],"collection":[{"href":"https:\/\/ucnoqta.az\/index.php?rest_route=\/wp\/v2\/posts"}],"about":[{"href":"https:\/\/ucnoqta.az\/index.php?rest_route=\/wp\/v2\/types\/post"}],"author":[{"embeddable":true,"href":"https:\/\/ucnoqta.az\/index.php?rest_route=\/wp\/v2\/users\/1"}],"replies":[{"embeddable":true,"href":"https:\/\/ucnoqta.az\/index.php?rest_route=%2Fwp%2Fv2%2Fcomments&post=125962"}],"version-history":[{"count":0,"href":"https:\/\/ucnoqta.az\/index.php?rest_route=\/wp\/v2\/posts\/125962\/revisions"}],"wp:featuredmedia":[{"embeddable":true,"href":"https:\/\/ucnoqta.az\/index.php?rest_route=\/wp\/v2\/media\/251278"}],"wp:attachment":[{"href":"https:\/\/ucnoqta.az\/index.php?rest_route=%2Fwp%2Fv2%2Fmedia&parent=125962"}],"wp:term":[{"taxonomy":"category","embeddable":true,"href":"https:\/\/ucnoqta.az\/index.php?rest_route=%2Fwp%2Fv2%2Fcategories&post=125962"},{"taxonomy":"post_tag","embeddable":true,"href":"https:\/\/ucnoqta.az\/index.php?rest_route=%2Fwp%2Fv2%2Ftags&post=125962"}],"curies":[{"name":"wp","href":"https:\/\/api.w.org\/{rel}","templated":true}]}}