{"id":125954,"date":"2021-08-09T20:29:29","date_gmt":"2021-08-09T16:29:29","guid":{"rendered":""},"modified":"-0001-11-30T00:00:00","modified_gmt":"-0001-11-29T20:00:00","slug":"","status":"publish","type":"post","link":"https:\/\/ucnoqta.az\/?p=125954","title":{"rendered":"Me\u015f\u0259 yan\u011f\u0131nlar\u0131na g\u00f6r\u0259 m\u0259suliyy\u0259ti \u00fcz\u0259rin\u0259 g\u00f6t\u00fcr\u0259n \u201cAt\u0259\u015f u\u015faqlar\u0131\u201d yaxaland\u0131"},"content":{"rendered":"<p><strong>T&uuml;rkiy\u0259d\u0259 terror&ccedil;u t\u0259\u015fkilat kimi tan\u0131nan v\u0259 &ouml;lk\u0259 me\u015f\u0259l\u0259rind\u0259 ba\u015f ver\u0259n yan\u011f\u0131nlara g&ouml;r\u0259 m\u0259suliyy\u0259ti &ouml;z &uuml;z\u0259rin\u0259 g&ouml;t&uuml;r\u0259n &ldquo;At\u0259\u015fin u\u015faqlar\u0131&rdquo; qrupuna &uuml;zv olmaqda \u015f&uuml;bh\u0259li bilin\u0259n iki n\u0259f\u0259r \u015f\u0259xs saxlan\u0131l\u0131b.<\/strong><\/p>\n<p>Bu bar\u0259d\u0259 &ldquo;Haber Global&rdquo; m\u0259lumat verib.<\/p>\n<p>M\u0259lumata \u0259sas\u0259n, D\u0259nizlid\u0259 ke&ccedil;iril\u0259n x&uuml;susi \u0259m\u0259liyyat n\u0259tic\u0259sind\u0259 a\u015fkar edil\u0259n \u015f\u0259xsl\u0259r son g&uuml;nl\u0259rd\u0259 PKK il\u0259 \u0259laq\u0259li sosial media hesablar\u0131ndan yan\u011f\u0131nlarla ba\u011fl\u0131 \u0259kst\u0259bli\u011fat i\u015fi aparmaqda ittiham olunub.<\/p>\n<p>M\u0259hk\u0259m\u0259nin bar\u0259l\u0259rind\u0259 h\u0259bs q\u0259timkan t\u0259dbiri se&ccedil;diyi qrup &uuml;zvl\u0259ri art\u0131q t\u0259cridxanaya yerl\u0259\u015fdirilib.\/\/\/oxu.az<\/p>\n","protected":false},"excerpt":{"rendered":"<p>T&uuml;rkiy\u0259d\u0259 terror&ccedil;u t\u0259\u015fkilat kimi tan\u0131nan v\u0259 &ouml;lk\u0259 me\u015f\u0259l\u0259rind\u0259 ba\u015f ver\u0259n yan\u011f\u0131nlara g&ouml;r\u0259 m\u0259suliyy\u0259ti &ouml;z &uuml;z\u0259rin\u0259 g&ouml;t&uuml;r\u0259n &ldquo;At\u0259\u015fin u\u015faqlar\u0131&rdquo; qrupuna &uuml;zv olmaqda \u015f&uuml;bh\u0259li bilin\u0259n iki n\u0259f\u0259r \u015f\u0259xs saxlan\u0131l\u0131b. Bu bar\u0259d\u0259 &ldquo;Haber&hellip;<\/p>\n","protected":false},"author":1,"featured_media":251278,"comment_status":"open","ping_status":"open","sticky":false,"template":"","format":"standard","meta":{"_lmt_disableupdate":"","_lmt_disable":"","footnotes":""},"categories":[],"tags":[],"class_list":["post-125954","post","type-post","status-publish","format-standard","has-post-thumbnail","hentry"],"_links":{"self":[{"href":"https:\/\/ucnoqta.az\/index.php?rest_route=\/wp\/v2\/posts\/125954","targetHints":{"allow":["GET"]}}],"collection":[{"href":"https:\/\/ucnoqta.az\/index.php?rest_route=\/wp\/v2\/posts"}],"about":[{"href":"https:\/\/ucnoqta.az\/index.php?rest_route=\/wp\/v2\/types\/post"}],"author":[{"embeddable":true,"href":"https:\/\/ucnoqta.az\/index.php?rest_route=\/wp\/v2\/users\/1"}],"replies":[{"embeddable":true,"href":"https:\/\/ucnoqta.az\/index.php?rest_route=%2Fwp%2Fv2%2Fcomments&post=125954"}],"version-history":[{"count":0,"href":"https:\/\/ucnoqta.az\/index.php?rest_route=\/wp\/v2\/posts\/125954\/revisions"}],"wp:featuredmedia":[{"embeddable":true,"href":"https:\/\/ucnoqta.az\/index.php?rest_route=\/wp\/v2\/media\/251278"}],"wp:attachment":[{"href":"https:\/\/ucnoqta.az\/index.php?rest_route=%2Fwp%2Fv2%2Fmedia&parent=125954"}],"wp:term":[{"taxonomy":"category","embeddable":true,"href":"https:\/\/ucnoqta.az\/index.php?rest_route=%2Fwp%2Fv2%2Fcategories&post=125954"},{"taxonomy":"post_tag","embeddable":true,"href":"https:\/\/ucnoqta.az\/index.php?rest_route=%2Fwp%2Fv2%2Ftags&post=125954"}],"curies":[{"name":"wp","href":"https:\/\/api.w.org\/{rel}","templated":true}]}}