{"id":125953,"date":"2021-08-09T20:20:44","date_gmt":"2021-08-09T16:20:44","guid":{"rendered":""},"modified":"-0001-11-30T00:00:00","modified_gmt":"-0001-11-29T20:00:00","slug":"","status":"publish","type":"post","link":"https:\/\/ucnoqta.az\/?p=125953","title":{"rendered":"Bolqar\u0131stan Prezidenti \u0130lham \u018fliyev\u0259 z\u0259ng edib"},"content":{"rendered":"<p style=\"color: rgb(51, 51, 51); font-family: sans-serif, Arial, Verdana, &quot;Trebuchet MS&quot;; font-size: 13px;\"><strong>Avqustun 9-da Bolqar\u0131stan Respublikas\u0131n\u0131n Prezidenti Rumen Radev Az\u0259rbaycan Respublikas\u0131n\u0131n Prezidenti \u0130lham \u018fliyev\u0259 telefonla z\u0259ng edib.<\/strong><\/p>\n<p style=\"color: rgb(51, 51, 51); font-family: sans-serif, Arial, Verdana, &quot;Trebuchet MS&quot;; font-size: 13px;\">Ucnoqta.az x\u0259b\u0259r verir ki, bu bar\u0259d\u0259 Prezidentin M\u0259tbuat Xidm\u0259ti m\u0259lumat yay\u0131b.<\/p>\n<p style=\"color: rgb(51, 51, 51); font-family: sans-serif, Arial, Verdana, &quot;Trebuchet MS&quot;; font-size: 13px;\">S&ouml;hb\u0259t zaman\u0131 Az\u0259rbaycan-Bolqar\u0131stan m&uuml;nasib\u0259tl\u0259ri, o c&uuml;ml\u0259d\u0259n energetika sah\u0259sind\u0259 \u0259m\u0259kda\u015fl\u0131q v\u0259 ikit\u0259r\u0259fli \u0259laq\u0259l\u0259rin inki\u015faf perspektivl\u0259ri m&uuml;zakir\u0259 edilib. &Ouml;lk\u0259l\u0259rimiz aras\u0131nda t\u0259r\u0259fda\u015fl\u0131\u011f\u0131n y&uuml;ks\u0259k s\u0259viyy\u0259sind\u0259n m\u0259mnunluq ifad\u0259 olunub.<\/p>\n<p style=\"color: rgb(51, 51, 51); font-family: sans-serif, Arial, Verdana, &quot;Trebuchet MS&quot;; font-size: 13px;\">S&ouml;hb\u0259t \u0259snas\u0131nda Az\u0259rbaycan t\u0259bii qaz\u0131n\u0131n Bolqar\u0131stana ixrac\u0131 v\u0259 Yunan\u0131stan-Bolqar\u0131stan qaz interkonnektorunun tikintisi il\u0259 ba\u011fl\u0131 m\u0259s\u0259l\u0259l\u0259r\u0259 dair fikir m&uuml;badil\u0259si apar\u0131l\u0131b. Prezident \u0130lham \u018fliyev bildirib ki, Az\u0259rbaycan Respublikas\u0131 Bolqar\u0131stana t\u0259kc\u0259 t\u0259bii qaz deyil, elektrik enerjisinin d\u0259 ixrac\u0131na ba\u015flay\u0131b v\u0259 bu da energetika sektorunda \u0259m\u0259kda\u015fl\u0131\u011f\u0131n geni\u015fl\u0259ndirilm\u0259si &uuml;&ccedil;&uuml;n yeni imkanlar yarad\u0131r.<\/p>\n<p style=\"color: rgb(51, 51, 51); font-family: sans-serif, Arial, Verdana, &quot;Trebuchet MS&quot;; font-size: 13px;\">Prezident Rumen Radev Az\u0259rbaycanda yarad\u0131lm\u0131\u015f sosial innovasiya m\u0259rk\u0259zl\u0259rinin \u0259h\u0259miyy\u0259tini vur\u011fulayaraq bu sah\u0259d\u0259 &ouml;lk\u0259mizin t\u0259cr&uuml;b\u0259sin\u0259 maraq ifad\u0259 edib.<\/p>\n<p style=\"color: rgb(51, 51, 51); font-family: sans-serif, Arial, Verdana, &quot;Trebuchet MS&quot;; font-size: 13px;\">Bolqar\u0131stan\u0131n d&ouml;vl\u0259t ba\u015f&ccedil;\u0131s\u0131 Az\u0259rbaycan Prezidentini &ouml;lk\u0259sin\u0259 s\u0259f\u0259r\u0259 d\u0259v\u0259t edib. Prezident \u0130lham \u018fliyev d\u0259v\u0259t\u0259 g&ouml;r\u0259 minn\u0259tdarl\u0131q ifad\u0259 ed\u0259r\u0259k, bu s\u0259f\u0259rin m&uuml;nasib vaxtda h\u0259yata ke&ccedil;iril\u0259c\u0259yini bildirib.<\/p>\n","protected":false},"excerpt":{"rendered":"<p>Avqustun 9-da Bolqar\u0131stan Respublikas\u0131n\u0131n Prezidenti Rumen Radev Az\u0259rbaycan Respublikas\u0131n\u0131n Prezidenti \u0130lham \u018fliyev\u0259 telefonla z\u0259ng edib. Ucnoqta.az x\u0259b\u0259r verir ki, bu bar\u0259d\u0259 Prezidentin M\u0259tbuat Xidm\u0259ti m\u0259lumat yay\u0131b. S&ouml;hb\u0259t zaman\u0131 Az\u0259rbaycan-Bolqar\u0131stan m&uuml;nasib\u0259tl\u0259ri,&hellip;<\/p>\n","protected":false},"author":1,"featured_media":251278,"comment_status":"open","ping_status":"open","sticky":false,"template":"","format":"standard","meta":{"_lmt_disableupdate":"","_lmt_disable":"","footnotes":""},"categories":[],"tags":[],"class_list":["post-125953","post","type-post","status-publish","format-standard","has-post-thumbnail","hentry"],"_links":{"self":[{"href":"https:\/\/ucnoqta.az\/index.php?rest_route=\/wp\/v2\/posts\/125953","targetHints":{"allow":["GET"]}}],"collection":[{"href":"https:\/\/ucnoqta.az\/index.php?rest_route=\/wp\/v2\/posts"}],"about":[{"href":"https:\/\/ucnoqta.az\/index.php?rest_route=\/wp\/v2\/types\/post"}],"author":[{"embeddable":true,"href":"https:\/\/ucnoqta.az\/index.php?rest_route=\/wp\/v2\/users\/1"}],"replies":[{"embeddable":true,"href":"https:\/\/ucnoqta.az\/index.php?rest_route=%2Fwp%2Fv2%2Fcomments&post=125953"}],"version-history":[{"count":0,"href":"https:\/\/ucnoqta.az\/index.php?rest_route=\/wp\/v2\/posts\/125953\/revisions"}],"wp:featuredmedia":[{"embeddable":true,"href":"https:\/\/ucnoqta.az\/index.php?rest_route=\/wp\/v2\/media\/251278"}],"wp:attachment":[{"href":"https:\/\/ucnoqta.az\/index.php?rest_route=%2Fwp%2Fv2%2Fmedia&parent=125953"}],"wp:term":[{"taxonomy":"category","embeddable":true,"href":"https:\/\/ucnoqta.az\/index.php?rest_route=%2Fwp%2Fv2%2Fcategories&post=125953"},{"taxonomy":"post_tag","embeddable":true,"href":"https:\/\/ucnoqta.az\/index.php?rest_route=%2Fwp%2Fv2%2Ftags&post=125953"}],"curies":[{"name":"wp","href":"https:\/\/api.w.org\/{rel}","templated":true}]}}