{"id":125951,"date":"2021-08-09T19:30:25","date_gmt":"2021-08-09T15:30:25","guid":{"rendered":""},"modified":"-0001-11-30T00:00:00","modified_gmt":"-0001-11-29T20:00:00","slug":"","status":"publish","type":"post","link":"https:\/\/ucnoqta.az\/?p=125951","title":{"rendered":"T\u00fcrkiy\u0259d\u0259 me\u015f\u0259 yan\u011f\u0131nlar\u0131 lokalla\u015fd\u0131r\u0131l\u0131b"},"content":{"rendered":"<p><strong>T&uuml;rkiy\u0259d\u0259 iyulun 28-d\u0259n b\u0259ri davam ed\u0259n me\u015f\u0259 yan\u011f\u0131nlar\u0131n\u0131n dem\u0259k olar ki, ham\u0131s\u0131 lokalla\u015fd\u0131r\u0131l\u0131b.<\/strong><\/p>\n<p>Bunu \u0259kin v\u0259 me\u015f\u0259 t\u0259s\u0259rr&uuml;fat\u0131 naziri B\u0259kir Pakd\u0259mirli &ouml;z&uuml;n&uuml;n &ldquo;Twitter&rdquo; s\u0259hif\u0259sind\u0259ki payla\u015f\u0131m\u0131nda bildirib.<\/p>\n<p>Nazir Milas v\u0259 K&ouml;yce\u011fiz istisna olmaqla, b&uuml;t&uuml;n yan\u011f\u0131n ocaqlar\u0131n\u0131n n\u0259zar\u0259t alt\u0131na al\u0131nd\u0131\u011f\u0131n\u0131 bildirib.<\/p>\n<p>H\u0259m&ccedil;inin o, ad\u0131&ccedil;\u0259kil\u0259n \u0259razil\u0259rd\u0259 qurudan v\u0259 havadan yan\u011f\u0131ns&ouml;nd&uuml;rm\u0259 i\u015fl\u0259rinin davam etdirildiyini d\u0259 qeyd edib.<\/p>\n<p>T&uuml;rkiy\u0259nin hakim \u018fdal\u0259t v\u0259 \u0130nki\u015faf Partiyas\u0131n\u0131n s&ouml;z&ccedil;&uuml;s&uuml; &Ouml;m\u0259r &Ccedil;\u0259lik d\u0259 me\u015f\u0259 yan\u011f\u0131nlar\u0131 il\u0259 ba\u011fl\u0131 a&ccedil;\u0131qlama verib. O, bildirib ki, art\u0131q 256 yan\u011f\u0131n lokalla\u015fd\u0131r\u0131l\u0131b v\u0259 haz\u0131rda 4 yan\u011f\u0131n oca\u011f\u0131nda m&uuml;vafiq istiqam\u0259td\u0259 i\u015fl\u0259r apar\u0131l\u0131r. \/\/\/oxu.az<\/p>\n","protected":false},"excerpt":{"rendered":"<p>T&uuml;rkiy\u0259d\u0259 iyulun 28-d\u0259n b\u0259ri davam ed\u0259n me\u015f\u0259 yan\u011f\u0131nlar\u0131n\u0131n dem\u0259k olar ki, ham\u0131s\u0131 lokalla\u015fd\u0131r\u0131l\u0131b. Bunu \u0259kin v\u0259 me\u015f\u0259 t\u0259s\u0259rr&uuml;fat\u0131 naziri B\u0259kir Pakd\u0259mirli &ouml;z&uuml;n&uuml;n &ldquo;Twitter&rdquo; s\u0259hif\u0259sind\u0259ki payla\u015f\u0131m\u0131nda bildirib. Nazir Milas v\u0259 K&ouml;yce\u011fiz&hellip;<\/p>\n","protected":false},"author":1,"featured_media":251278,"comment_status":"open","ping_status":"open","sticky":false,"template":"","format":"standard","meta":{"_lmt_disableupdate":"","_lmt_disable":"","footnotes":""},"categories":[],"tags":[],"class_list":["post-125951","post","type-post","status-publish","format-standard","has-post-thumbnail","hentry"],"_links":{"self":[{"href":"https:\/\/ucnoqta.az\/index.php?rest_route=\/wp\/v2\/posts\/125951","targetHints":{"allow":["GET"]}}],"collection":[{"href":"https:\/\/ucnoqta.az\/index.php?rest_route=\/wp\/v2\/posts"}],"about":[{"href":"https:\/\/ucnoqta.az\/index.php?rest_route=\/wp\/v2\/types\/post"}],"author":[{"embeddable":true,"href":"https:\/\/ucnoqta.az\/index.php?rest_route=\/wp\/v2\/users\/1"}],"replies":[{"embeddable":true,"href":"https:\/\/ucnoqta.az\/index.php?rest_route=%2Fwp%2Fv2%2Fcomments&post=125951"}],"version-history":[{"count":0,"href":"https:\/\/ucnoqta.az\/index.php?rest_route=\/wp\/v2\/posts\/125951\/revisions"}],"wp:featuredmedia":[{"embeddable":true,"href":"https:\/\/ucnoqta.az\/index.php?rest_route=\/wp\/v2\/media\/251278"}],"wp:attachment":[{"href":"https:\/\/ucnoqta.az\/index.php?rest_route=%2Fwp%2Fv2%2Fmedia&parent=125951"}],"wp:term":[{"taxonomy":"category","embeddable":true,"href":"https:\/\/ucnoqta.az\/index.php?rest_route=%2Fwp%2Fv2%2Fcategories&post=125951"},{"taxonomy":"post_tag","embeddable":true,"href":"https:\/\/ucnoqta.az\/index.php?rest_route=%2Fwp%2Fv2%2Ftags&post=125951"}],"curies":[{"name":"wp","href":"https:\/\/api.w.org\/{rel}","templated":true}]}}