{"id":125936,"date":"2021-08-09T18:31:23","date_gmt":"2021-08-09T14:31:23","guid":{"rendered":""},"modified":"-0001-11-30T00:00:00","modified_gmt":"-0001-11-29T20:00:00","slug":"","status":"publish","type":"post","link":"https:\/\/ucnoqta.az\/?p=125936","title":{"rendered":"BMT iqlim d\u0259yi\u015fikliyinin a\u011f\u0131r n\u0259tic\u0259l\u0259ri il\u0259 ba\u011fl\u0131 x\u0259b\u0259rdarl\u0131q edib"},"content":{"rendered":"<p style=\"color: rgb(51, 51, 51); font-family: sans-serif, Arial, Verdana, &quot;Trebuchet MS&quot;; font-size: 13px;\"><strong>2011-2020-ci ill\u0259rd\u0259 qlobal s\u0259th istiliyi 1850-1900-c&uuml; ill\u0259rl\u0259 m&uuml;qayis\u0259d\u0259 1.09 C d\u0259r\u0259c\u0259 y&uuml;ks\u0259k olub.<\/strong><\/p>\n<p style=\"color: rgb(51, 51, 51); font-family: sans-serif, Arial, Verdana, &quot;Trebuchet MS&quot;; font-size: 13px;\">APA-n\u0131n x\u0259b\u0259rin\u0259 g&ouml;r\u0259, bu bar\u0259d\u0259 \u0130qlim D\u0259yi\u015fikliyi &uuml;zr\u0259 H&ouml;kum\u0259tl\u0259raras\u0131 Panelin 42 s\u0259hif\u0259lik son hesabat\u0131nda bildirilib.<\/p>\n<p style=\"color: rgb(51, 51, 51); font-family: sans-serif, Arial, Verdana, &quot;Trebuchet MS&quot;; font-size: 13px;\">Hesabata g&ouml;r\u0259, son be\u015f il, 1850-ci ild\u0259n b\u0259ri tarixd\u0259ki \u0259n isti d&ouml;vr olub. 1901-1971-ci ill\u0259rl\u0259 m&uuml;qayis\u0259d\u0259 d\u0259niz s\u0259viyy\u0259sinin y&uuml;ks\u0259lm\u0259sinin s&uuml;r\u0259ti t\u0259xmin\u0259n &uuml;&ccedil; d\u0259f\u0259 art\u0131b.<\/p>\n<p style=\"color: rgb(51, 51, 51); font-family: sans-serif, Arial, Verdana, &quot;Trebuchet MS&quot;; font-size: 13px;\">Hesabat m&uuml;\u0259llifl\u0259ri bildirib ki, 1990-c\u0131 ill\u0259rd\u0259n b\u0259ri buzlaqlar\u0131n buzunun azalmas\u0131n\u0131n \u0259sas faktoru insan f\u0259aliyy\u0259tinin n\u0259tic\u0259l\u0259ridir (90%).<br \/>\n1950-ci ill\u0259rd\u0259n b\u0259ri istilik dal\u011fas\u0131n\u0131n, ekstremal istil\u0259rin daha tez-tez v\u0259 \u015fidd\u0259tli \u015f\u0259kild\u0259 m&uuml;\u015fahid\u0259 oldundu\u011funu bildir\u0259n ekspertl\u0259r, bu ill\u0259r \u0259rzind\u0259 soyuq v\u0259 k\u0259skin soyuq havalar\u0131n daha az qeyd\u0259 al\u0131nd\u0131\u011f\u0131n\u0131 vur\u011fulay\u0131blar.<\/p>\n<p style=\"color: rgb(51, 51, 51); font-family: sans-serif, Arial, Verdana, &quot;Trebuchet MS&quot;; font-size: 13px;\">Hesabatda bildirilib ki, on ild\u0259n art\u0131q bir m&uuml;dd\u0259td\u0259 temperatur h\u0259ddinin pozulmas\u0131nda v\u0259 davam ed\u0259n istil\u0259\u015fm\u0259d\u0259 qaz emissiyalar\u0131n\u0131n ciddi rolu var.<\/p>\n<p style=\"color: rgb(51, 51, 51); font-family: sans-serif, Arial, Verdana, &quot;Trebuchet MS&quot;; font-size: 13px;\">Hesabatda qaz emmisiyalar\u0131nda azalma olsa bel\u0259 iqlim d\u0259yi\u015fikliyi il\u0259 ba\u011fl\u0131 ssenaril\u0259r t\u0259qdim olunub.<\/p>\n<p style=\"color: rgb(51, 51, 51); font-family: sans-serif, Arial, Verdana, &quot;Trebuchet MS&quot;; font-size: 13px;\">M&uuml;\u0259llifl\u0259r bu \u0259srin sonuna q\u0259d\u0259r d\u0259niz s\u0259viyy\u0259sinin 2 m y&uuml;ks\u0259l\u0259c\u0259yini istisna etm\u0259yibl\u0259r.<\/p>\n<p style=\"color: rgb(51, 51, 51); font-family: sans-serif, Arial, Verdana, &quot;Trebuchet MS&quot;; font-size: 13px;\">Onlar\u0131n hesablamalar\u0131na g&ouml;r\u0259, 2040-c\u0131 il\u0259 q\u0259d\u0259r b&uuml;t&uuml;n emissiya ssenaril\u0259ri &uuml;zr\u0259 temperatur 1850-1900-c&uuml; ill\u0259r s\u0259viyy\u0259sind\u0259n 1,5 d\u0259r\u0259c\u0259 C y&uuml;ks\u0259k olacaq.<\/p>\n<p style=\"color: rgb(51, 51, 51); font-family: sans-serif, Arial, Verdana, &quot;Trebuchet MS&quot;; font-size: 13px;\">Arktikan\u0131n qiym\u0259tl\u0259ndirilm\u0259si il\u0259 ba\u011fl\u0131 b&uuml;t&uuml;n ssenaril\u0259rd\u0259 2050-ci ild\u0259n \u0259vv\u0259l \u0259n az\u0131 bir d\u0259f\u0259 sentyabr ay\u0131nda praktiki olaraq \u015fimal q&uuml;tb&uuml;n&uuml;n buzsuz olaca\u011f\u0131 ehtimal olunur.<\/p>\n<p style=\"color: rgb(51, 51, 51); font-family: sans-serif, Arial, Verdana, &quot;Trebuchet MS&quot;; font-size: 13px;\">Ekspertl\u0259r 1.5 d\u0259r\u0259c\u0259 C istil\u0259\u015fm\u0259d\u0259 bel\u0259, tarixd\u0259 qeyd\u0259 al\u0131nmam\u0131\u015f b\u0259zi ekstremal hadis\u0259l\u0259rin ba\u015f ver\u0259c\u0259yini bildiribl\u0259r.<\/p>\n<p style=\"color: rgb(51, 51, 51); font-family: sans-serif, Arial, Verdana, &quot;Trebuchet MS&quot;; font-size: 13px;\">Yax\u0131n ke&ccedil;mi\u015fd\u0259 ad\u0259t\u0259n \u0259srd\u0259 bir d\u0259f\u0259 ba\u015f ver\u0259n ekstremal d\u0259niz s\u0259viyy\u0259si hadis\u0259l\u0259rinin, 2100-c&uuml; il\u0259 q\u0259d\u0259r d\u0259nizl\u0259rin bir &ccedil;oxunda \u0259n az\u0131 h\u0259r il ba\u015f ver\u0259c\u0259yi proqnozla\u015fd\u0131r\u0131l\u0131r.<\/p>\n<p style=\"color: rgb(51, 51, 51); font-family: sans-serif, Arial, Verdana, &quot;Trebuchet MS&quot;; font-size: 13px;\">&quot;Bir &ccedil;ox b&ouml;lg\u0259l\u0259rd\u0259 yan\u011f\u0131na imkan ver\u0259c\u0259k hava \u015f\u0259raitinin geni\u015f yay\u0131lmas\u0131 ehtimal\u0131 var&quot;, &#8211; dey\u0259 hesabatda vur\u011fulan\u0131b.<\/p>\n<p style=\"color: rgb(51, 51, 51); font-family: sans-serif, Arial, Verdana, &quot;Trebuchet MS&quot;; font-size: 13px;\">Lakin ekspertl\u0259r istixana qaz\u0131 emissiyalar\u0131n\u0131n azalmas\u0131n\u0131n artan temperaturu sabitl\u0259\u015fdir\u0259 bil\u0259c\u0259yin\u0259 dair &uuml;midl\u0259rin oldu\u011funu bildiribl\u0259r.<br \/>\nHesabata m&uuml;nasib\u0259t bildir\u0259n r\u0259smil\u0259r bu s\u0259n\u0259di b\u0259\u015f\u0259riyy\u0259t &uuml;&ccedil;&uuml;n bir &ccedil;a\u011f\u0131r\u0131\u015f kimi qiym\u0259tl\u0259ndirib.<\/p>\n<p style=\"color: rgb(51, 51, 51); font-family: sans-serif, Arial, Verdana, &quot;Trebuchet MS&quot;; font-size: 13px;\">&quot;Bu g&uuml;n \u0130qlim D\u0259yi\u015fikliyi &uuml;zr\u0259 H&ouml;kum\u0259tl\u0259raras\u0131 Panelin \u0130\u015f&ccedil;i Qrupunun hesabat\u0131 insanl\u0131q &uuml;&ccedil;&uuml;n q\u0131rm\u0131z\u0131 bir koddur. \u018fg\u0259r indi q&uuml;vv\u0259l\u0259rimizi birl\u0259\u015fdirs\u0259k, iqlim f\u0259lak\u0259tinin qar\u015f\u0131s\u0131n\u0131 ala bil\u0259rik. Ancaq bug&uuml;nk&uuml; hesabatda ayd\u0131n oldu\u011fu kimi, gecikm\u0259y\u0259 n\u0259 vaxt var, n\u0259 d\u0259 b\u0259han\u0259l\u0259r &uuml;&ccedil;&uuml;n yer. COP26-n\u0131n (bu ilin oktyabr\u0131nda Qlazqoda ke&ccedil;iril\u0259c\u0259k beyn\u0259lxalq iqlim d\u0259yi\u015fikliyi il\u0259 ba\u011fl\u0131 konfrans) u\u011fur qazanmas\u0131n\u0131 t\u0259min etm\u0259k &uuml;&ccedil;&uuml;n h&ouml;kum\u0259t liderl\u0259rin\u0259 v\u0259 b&uuml;t&uuml;n maraql\u0131 t\u0259r\u0259fl\u0259r\u0259 inan\u0131ram&quot;, &#8211; BMT ba\u015f katibi Antonio Quterre\u015f bildirib.<\/p>\n<p style=\"color: rgb(51, 51, 51); font-family: sans-serif, Arial, Verdana, &quot;Trebuchet MS&quot;; font-size: 13px;\">\u0130qlim D\u0259yi\u015fikliyi &uuml;zr\u0259 H&ouml;kum\u0259tl\u0259raras\u0131 Panelin iqlim d\u0259yi\u015fikliyi il\u0259 ba\u011fl\u0131 hesabat\u0131ndan sonra Britaniyan\u0131n Ba\u015f naziri Boris Conson &ouml;lk\u0259l\u0259ri emissiyan\u0131 azaltmaq &uuml;&ccedil;&uuml;n qlobal miqyasda t\u0259cili t\u0259dbirl\u0259r g&ouml;rm\u0259y\u0259 &ccedil;a\u011f\u0131r\u0131b.<\/p>\n<p style=\"color: rgb(51, 51, 51); font-family: sans-serif, Arial, Verdana, &quot;Trebuchet MS&quot;; font-size: 13px;\">&quot;Qlobal istil\u0259\u015fm\u0259ni m\u0259hdudla\u015fd\u0131rmaq &uuml;&ccedil;&uuml;n n\u0259 edilm\u0259li oldu\u011funu bilirik &#8211; k&ouml;m&uuml;r&uuml; tarix\u0259 g&ouml;nd\u0259rm\u0259k v\u0259 t\u0259miz enerji m\u0259nb\u0259l\u0259rin\u0259 ke&ccedil;m\u0259k, t\u0259bi\u0259ti qorumaq v\u0259 bu sah\u0259d\u0259 &ouml;n c\u0259bh\u0259d\u0259 olan &ouml;lk\u0259l\u0259r &uuml;&ccedil;&uuml;n iqlim maliyy\u0259sini t\u0259min etm\u0259k&quot;, -dey\u0259 Boris Conson bildirib.<\/p>\n<p style=\"color: rgb(51, 51, 51); font-family: sans-serif, Arial, Verdana, &quot;Trebuchet MS&quot;; font-size: 13px;\">Birl\u0259\u015fmi\u015f Mill\u0259tl\u0259r T\u0259\u015fkilat\u0131n\u0131n \u018ftraf M&uuml;hit Proqram\u0131n\u0131n icra&ccedil;\u0131 direktoru \u0130nger Andersen hesabata cavab olaraq bildirib ki, m&uuml;t\u0259x\u0259ssisl\u0259r planetin istil\u0259\u015fm\u0259sinin f\u0259sadlar\u0131 il\u0259 ba\u011fl\u0131 otuz ild\u0259n art\u0131qd\u0131r ki, x\u0259b\u0259rdarl\u0131q edibl\u0259r. &quot;D&uuml;nya dinl\u0259di, amma yet\u0259rinc\u0259 h\u0259r\u0259k\u0259t etm\u0259di v\u0259 n\u0259tic\u0259d\u0259 iqlim d\u0259yi\u015fikliyi indi ya\u015fad\u0131\u011f\u0131m\u0131z bir problemdir. He&ccedil; kim t\u0259hl&uuml;k\u0259sizlikd\u0259 deyil v\u0259 v\u0259ziyy\u0259t daha da pisl\u0259\u015fir. \u0130qlim d\u0259yi\u015fikliyin\u0259 t\u0259cili t\u0259hl&uuml;k\u0259 kimi yana\u015fmal\u0131y\u0131q&quot;.<\/p>\n<p style=\"color: rgb(51, 51, 51); font-family: sans-serif, Arial, Verdana, &quot;Trebuchet MS&quot;; font-size: 13px;\">O deyib ki, laz\u0131m olan d\u0259yi\u015fiklikl\u0259ri etm\u0259k insanl\u0131\u011f\u0131n s\u0259lahiyy\u0259tind\u0259dir v\u0259 itirm\u0259k &uuml;&ccedil;&uuml;n vaxt yoxdur.<\/p>\n<p style=\"color: rgb(51, 51, 51); font-family: sans-serif, Arial, Verdana, &quot;Trebuchet MS&quot;; font-size: 13px;\">&quot;\u0130qlim d\u0259yi\u015fikliyi indi buradad\u0131r. Biz d\u0259 indi burday\u0131q. \u0130ndi h\u0259r\u0259k\u0259t etm\u0259s\u0259k, kim bunu ed\u0259c\u0259k?&quot;, &#8211; dey\u0259 o qeyd edib.<br \/>\nAB\u015e Prezidentinin iqlim m\u0259s\u0259l\u0259l\u0259ri &uuml;zr\u0259 x&uuml;susi n&uuml;may\u0259nd\u0259si Con Kerri hesabata &quot;d&uuml;nya real h\u0259r\u0259k\u0259t t\u0259l\u0259b edir&quot; dey\u0259r\u0259k reaksiya verib.<\/p>\n<p style=\"color: rgb(51, 51, 51); font-family: sans-serif, Arial, Verdana, &quot;Trebuchet MS&quot;; font-size: 13px;\">&quot;\u0130qlim b&ouml;hran\u0131n\u0131n h\u0259ddind\u0259n art\u0131q isti temperatur, me\u015f\u0259 yan\u011f\u0131nlar\u0131, \u015fidd\u0259tli ya\u011f\u0131\u015flar v\u0259 da\u015fq\u0131nlar da daxil olmaqla b&uuml;t&uuml;n t\u0259sirl\u0259ri, &ouml;z&uuml;m&uuml;z v\u0259 g\u0259l\u0259c\u0259k n\u0259sill\u0259r &uuml;&ccedil;&uuml;n ba\u015fqa bir yol se&ccedil;m\u0259y\u0259n\u0259 q\u0259d\u0259r g&uuml;cl\u0259nm\u0259y\u0259 davam ed\u0259c\u0259k. B&uuml;t&uuml;n b&ouml;y&uuml;k iqtisadiyyatlar bu kritik onillikd\u0259 iqlim d\u0259yi\u015fikliyi il\u0259 m&uuml;bariz\u0259d\u0259ki &ouml;hd\u0259likl\u0259rin\u0259 sadiq olmal\u0131d\u0131rlar&quot;, -dey\u0259 Con Kerri bildirib.<\/p>\n","protected":false},"excerpt":{"rendered":"<p>2011-2020-ci ill\u0259rd\u0259 qlobal s\u0259th istiliyi 1850-1900-c&uuml; ill\u0259rl\u0259 m&uuml;qayis\u0259d\u0259 1.09 C d\u0259r\u0259c\u0259 y&uuml;ks\u0259k olub. APA-n\u0131n x\u0259b\u0259rin\u0259 g&ouml;r\u0259, bu bar\u0259d\u0259 \u0130qlim D\u0259yi\u015fikliyi &uuml;zr\u0259 H&ouml;kum\u0259tl\u0259raras\u0131 Panelin 42 s\u0259hif\u0259lik son hesabat\u0131nda bildirilib. Hesabata g&ouml;r\u0259,&hellip;<\/p>\n","protected":false},"author":1,"featured_media":251278,"comment_status":"open","ping_status":"open","sticky":false,"template":"","format":"standard","meta":{"_lmt_disableupdate":"","_lmt_disable":"","footnotes":""},"categories":[89],"tags":[],"class_list":["post-125936","post","type-post","status-publish","format-standard","has-post-thumbnail","hentry","category-dunya-butun-xeberler"],"_links":{"self":[{"href":"https:\/\/ucnoqta.az\/index.php?rest_route=\/wp\/v2\/posts\/125936","targetHints":{"allow":["GET"]}}],"collection":[{"href":"https:\/\/ucnoqta.az\/index.php?rest_route=\/wp\/v2\/posts"}],"about":[{"href":"https:\/\/ucnoqta.az\/index.php?rest_route=\/wp\/v2\/types\/post"}],"author":[{"embeddable":true,"href":"https:\/\/ucnoqta.az\/index.php?rest_route=\/wp\/v2\/users\/1"}],"replies":[{"embeddable":true,"href":"https:\/\/ucnoqta.az\/index.php?rest_route=%2Fwp%2Fv2%2Fcomments&post=125936"}],"version-history":[{"count":0,"href":"https:\/\/ucnoqta.az\/index.php?rest_route=\/wp\/v2\/posts\/125936\/revisions"}],"wp:featuredmedia":[{"embeddable":true,"href":"https:\/\/ucnoqta.az\/index.php?rest_route=\/wp\/v2\/media\/251278"}],"wp:attachment":[{"href":"https:\/\/ucnoqta.az\/index.php?rest_route=%2Fwp%2Fv2%2Fmedia&parent=125936"}],"wp:term":[{"taxonomy":"category","embeddable":true,"href":"https:\/\/ucnoqta.az\/index.php?rest_route=%2Fwp%2Fv2%2Fcategories&post=125936"},{"taxonomy":"post_tag","embeddable":true,"href":"https:\/\/ucnoqta.az\/index.php?rest_route=%2Fwp%2Fv2%2Ftags&post=125936"}],"curies":[{"name":"wp","href":"https:\/\/api.w.org\/{rel}","templated":true}]}}