{"id":125930,"date":"2021-08-09T15:41:58","date_gmt":"2021-08-09T11:41:58","guid":{"rendered":""},"modified":"-0001-11-30T00:00:00","modified_gmt":"-0001-11-29T20:00:00","slug":"","status":"publish","type":"post","link":"https:\/\/ucnoqta.az\/?p=125930","title":{"rendered":"\u018fm\u0259k pensiyas\u0131na \u0259lav\u0259 m\u00fc\u0259yy\u0259nl\u0259\u015fdirilm\u0259si qaydas\u0131 d\u0259yi\u015fib"},"content":{"rendered":"<p><strong>D&ouml;vl\u0259t orqan\u0131n\u0131n \u0259sas\u0131nda Az\u0259rbaycan Respublikas\u0131n\u0131n Prezidenti v\u0259 ya Nazirl\u0259r Kabineti t\u0259r\u0259find\u0259n publik h&uuml;quqi \u015f\u0259xsin yarad\u0131lmas\u0131 n\u0259tic\u0259sind\u0259 d&ouml;vl\u0259t qullu\u011funa xitam veril\u0259n, h\u0259min tarixd\u0259 \u0259m\u0259k pensiyas\u0131 ya\u015f h\u0259ddin\u0259 &ccedil;atmas\u0131na v\u0259 d&ouml;vl\u0259t qulluq&ccedil;usu kimi pensiya h&uuml;ququnun \u0259ld\u0259 edilm\u0259si &uuml;&ccedil;&uuml;n t\u0259l\u0259b edil\u0259n minimum 15 il qulluq staj\u0131n\u0131n toplanmas\u0131na \u0259n &ccedil;oxu 2 il qalan, y\u0259ni \u0259n az\u0131 13 il qulluq staj\u0131 olan \u015f\u0259xsl\u0259rin d&ouml;vl\u0259t qulluq&ccedil;usu kimi pensiya h&uuml;ququ yaranacaq.<\/strong><\/p>\n<p>Ucnoqta.az x\u0259b\u0259r verir ki, bu, Prezident \u0130lham \u018fliyevin bu g&uuml;n t\u0259tbiqi bar\u0259d\u0259 f\u0259rman imzalad\u0131\u011f\u0131 &ldquo;\u018fm\u0259k pensiyalar\u0131 haqq\u0131nda&rdquo; qanuna d\u0259yi\u015fiklikd\u0259 \u0259ksini tap\u0131b.<\/p>\n<p>Ba\u015fqa s&ouml;zl\u0259, d&ouml;vl\u0259t orqan\u0131n\u0131n \u0259sas\u0131nda m&uuml;vafiq icra hakimiyy\u0259ti orqan\u0131n\u0131n m&uuml;\u0259yy\u0259n etdiyi orqan (qurum) t\u0259r\u0259find\u0259n publik h&uuml;quqi \u015f\u0259xsin yarad\u0131lmas\u0131 il\u0259 \u0259laq\u0259dar d&ouml;vl\u0259t qulluq&ccedil;ular\u0131n\u0131n d&ouml;vl\u0259t qullu\u011funa xitam verildiyi tarix\u0259 15 il qulluq staj\u0131n\u0131 toplamas\u0131na v\u0259 \u0259m\u0259k pensiyas\u0131 ya\u015f\u0131na &ccedil;atmas\u0131na \u0259n &ccedil;oxu 2 il qald\u0131\u011f\u0131 halda onlar\u0131n \u0259m\u0259k pensiyas\u0131na \u0259lav\u0259 almaq h&uuml;ququ d&ouml;vl\u0259t qullu\u011fu v\u0259zif\u0259sind\u0259 minimum 13 il qulluq staj\u0131 oldu\u011fu halda yaranacaq.<\/p>\n<p>Qanun &ldquo;Az\u0259rbaycan Respublikas\u0131 \u018fm\u0259k v\u0259 \u018fhalinin Sosial M&uuml;dafi\u0259si Nazirliyinin f\u0259aliyy\u0259tinin t\u0259min edilm\u0259si il\u0259 ba\u011fl\u0131 bir s\u0131ra t\u0259dbirl\u0259r haqq\u0131nda&rdquo; Az\u0259rbaycan Respublikas\u0131 Prezidentinin 2020-ci il 30 iyun tarixli 1077 n&ouml;mr\u0259li F\u0259rman\u0131na uy\u011fun olaraq, d&ouml;vl\u0259t orqan\u0131n\u0131n \u0259sas\u0131nda publik h&uuml;quqi \u015f\u0259xsin yarad\u0131lmas\u0131 il\u0259 \u0259laq\u0259dar &ldquo;\u018fm\u0259k pensiyalar\u0131 haqq\u0131nda&rdquo; qanunla d&ouml;vl\u0259t qulluq&ccedil;ular\u0131 &uuml;&ccedil;&uuml;n n\u0259z\u0259rd\u0259 tutulan qulluq staj\u0131n\u0131n toplanmas\u0131na az qalan d&ouml;vl\u0259t qullu\u011funa xitam verilmi\u015f \u015f\u0259xsl\u0259rin d&ouml;vl\u0259t qulluq&ccedil;usu kimi pensiya h&uuml;ququnun t\u0259min edilm\u0259sin\u0259 dair t\u0259klifl\u0259rin haz\u0131rlanmas\u0131 bar\u0259d\u0259 tap\u015f\u0131r\u0131\u011f\u0131n icras\u0131n\u0131 t\u0259min etm\u0259k m\u0259qs\u0259dil\u0259 haz\u0131rlan\u0131b.<\/p>\n<p>Bu Qanun 2020-ci il yanvar\u0131n 1-d\u0259n t\u0259tbiq edilir.<\/p>\n","protected":false},"excerpt":{"rendered":"<p>D&ouml;vl\u0259t orqan\u0131n\u0131n \u0259sas\u0131nda Az\u0259rbaycan Respublikas\u0131n\u0131n Prezidenti v\u0259 ya Nazirl\u0259r Kabineti t\u0259r\u0259find\u0259n publik h&uuml;quqi \u015f\u0259xsin yarad\u0131lmas\u0131 n\u0259tic\u0259sind\u0259 d&ouml;vl\u0259t qullu\u011funa xitam veril\u0259n, h\u0259min tarixd\u0259 \u0259m\u0259k pensiyas\u0131 ya\u015f h\u0259ddin\u0259 &ccedil;atmas\u0131na v\u0259 d&ouml;vl\u0259t qulluq&ccedil;usu&hellip;<\/p>\n","protected":false},"author":1,"featured_media":251278,"comment_status":"open","ping_status":"open","sticky":false,"template":"","format":"standard","meta":{"_lmt_disableupdate":"","_lmt_disable":"","footnotes":""},"categories":[101],"tags":[],"class_list":["post-125930","post","type-post","status-publish","format-standard","has-post-thumbnail","hentry","category-cemiyyet"],"_links":{"self":[{"href":"https:\/\/ucnoqta.az\/index.php?rest_route=\/wp\/v2\/posts\/125930","targetHints":{"allow":["GET"]}}],"collection":[{"href":"https:\/\/ucnoqta.az\/index.php?rest_route=\/wp\/v2\/posts"}],"about":[{"href":"https:\/\/ucnoqta.az\/index.php?rest_route=\/wp\/v2\/types\/post"}],"author":[{"embeddable":true,"href":"https:\/\/ucnoqta.az\/index.php?rest_route=\/wp\/v2\/users\/1"}],"replies":[{"embeddable":true,"href":"https:\/\/ucnoqta.az\/index.php?rest_route=%2Fwp%2Fv2%2Fcomments&post=125930"}],"version-history":[{"count":0,"href":"https:\/\/ucnoqta.az\/index.php?rest_route=\/wp\/v2\/posts\/125930\/revisions"}],"wp:featuredmedia":[{"embeddable":true,"href":"https:\/\/ucnoqta.az\/index.php?rest_route=\/wp\/v2\/media\/251278"}],"wp:attachment":[{"href":"https:\/\/ucnoqta.az\/index.php?rest_route=%2Fwp%2Fv2%2Fmedia&parent=125930"}],"wp:term":[{"taxonomy":"category","embeddable":true,"href":"https:\/\/ucnoqta.az\/index.php?rest_route=%2Fwp%2Fv2%2Fcategories&post=125930"},{"taxonomy":"post_tag","embeddable":true,"href":"https:\/\/ucnoqta.az\/index.php?rest_route=%2Fwp%2Fv2%2Ftags&post=125930"}],"curies":[{"name":"wp","href":"https:\/\/api.w.org\/{rel}","templated":true}]}}