{"id":125929,"date":"2021-08-09T15:40:26","date_gmt":"2021-08-09T11:40:26","guid":{"rendered":""},"modified":"-0001-11-30T00:00:00","modified_gmt":"-0001-11-29T20:00:00","slug":"","status":"publish","type":"post","link":"https:\/\/ucnoqta.az\/?p=125929","title":{"rendered":"Prezident R\u0259\u015fad N\u0259biyev\u0259 daha bir v\u0259zif\u0259 verdi"},"content":{"rendered":"<p><strong>X\u0259b\u0259r verdiyimiz kimi,&nbsp;Prezident \u0130lham \u018fliyev &quot;Tranzit Y&uuml;kda\u015f\u0131malar &uuml;zr\u0259 Koordinasiya \u015euras\u0131n\u0131n yarad\u0131lmas\u0131 haqq\u0131nda&rdquo; 21 oktyabr 2015-ci il tarixli f\u0259rman\u0131nda d\u0259yi\u015fiklik edib.<\/strong><\/p>\n<p>Ucnoqta.az&nbsp;x\u0259b\u0259r verir ki, d&ouml;vl\u0259t ba\u015f&ccedil;\u0131s\u0131n\u0131n bununla ba\u011fl\u0131 imzalad\u0131\u011f\u0131 yeni f\u0259rmana \u0259sas\u0259n, bundan sonra \u015euran\u0131n s\u0259dri iqtisadiyyat naziri deyil, n\u0259qliyyat, rabit\u0259 v\u0259 y&uuml;ks\u0259k texnologiyalar naziri olacaq.<\/p>\n<p>\u018fv\u0259zind\u0259 iqtisadiyyat nazirinin m&uuml;avini n\u0259qliyyat, rabit\u0259 v\u0259 y&uuml;ks\u0259k texnologiyalar nazirinin m&uuml;avininin \u0259v\u0259zind\u0259 \u015furan\u0131n &uuml;zvl\u0259rinin s\u0131ras\u0131nda yer alacaq.<\/p>\n<p>Bundan ba\u015fqa, f\u0259rmana \u0259sas\u0259n, \u015euran\u0131n f\u0259aliyy\u0259tini Tarif (Qiym\u0259t) \u015euras\u0131n\u0131n Katibliyi deyil, \u015euran\u0131n Katibliyi &ouml;z&uuml; t\u0259\u015fkil ed\u0259c\u0259k. Bu katibliyin t\u0259rkibinin formala\u015fd\u0131r\u0131lmas\u0131n\u0131 v\u0259 f\u0259aliyy\u0259tinin t\u0259\u015fkil edilm\u0259sini is\u0259 N\u0259qliyyat, Rabit\u0259 v\u0259 Y&uuml;ks\u0259k Texnologiyalar Nazirliyi h\u0259yata ke&ccedil;ir\u0259c\u0259k.<\/p>\n","protected":false},"excerpt":{"rendered":"<p>X\u0259b\u0259r verdiyimiz kimi,&nbsp;Prezident \u0130lham \u018fliyev &quot;Tranzit Y&uuml;kda\u015f\u0131malar &uuml;zr\u0259 Koordinasiya \u015euras\u0131n\u0131n yarad\u0131lmas\u0131 haqq\u0131nda&rdquo; 21 oktyabr 2015-ci il tarixli f\u0259rman\u0131nda d\u0259yi\u015fiklik edib. Ucnoqta.az&nbsp;x\u0259b\u0259r verir ki, d&ouml;vl\u0259t ba\u015f&ccedil;\u0131s\u0131n\u0131n bununla ba\u011fl\u0131 imzalad\u0131\u011f\u0131 yeni f\u0259rmana&hellip;<\/p>\n","protected":false},"author":1,"featured_media":251278,"comment_status":"open","ping_status":"open","sticky":false,"template":"","format":"standard","meta":{"_lmt_disableupdate":"","_lmt_disable":"","footnotes":""},"categories":[],"tags":[],"class_list":["post-125929","post","type-post","status-publish","format-standard","has-post-thumbnail","hentry"],"_links":{"self":[{"href":"https:\/\/ucnoqta.az\/index.php?rest_route=\/wp\/v2\/posts\/125929","targetHints":{"allow":["GET"]}}],"collection":[{"href":"https:\/\/ucnoqta.az\/index.php?rest_route=\/wp\/v2\/posts"}],"about":[{"href":"https:\/\/ucnoqta.az\/index.php?rest_route=\/wp\/v2\/types\/post"}],"author":[{"embeddable":true,"href":"https:\/\/ucnoqta.az\/index.php?rest_route=\/wp\/v2\/users\/1"}],"replies":[{"embeddable":true,"href":"https:\/\/ucnoqta.az\/index.php?rest_route=%2Fwp%2Fv2%2Fcomments&post=125929"}],"version-history":[{"count":0,"href":"https:\/\/ucnoqta.az\/index.php?rest_route=\/wp\/v2\/posts\/125929\/revisions"}],"wp:featuredmedia":[{"embeddable":true,"href":"https:\/\/ucnoqta.az\/index.php?rest_route=\/wp\/v2\/media\/251278"}],"wp:attachment":[{"href":"https:\/\/ucnoqta.az\/index.php?rest_route=%2Fwp%2Fv2%2Fmedia&parent=125929"}],"wp:term":[{"taxonomy":"category","embeddable":true,"href":"https:\/\/ucnoqta.az\/index.php?rest_route=%2Fwp%2Fv2%2Fcategories&post=125929"},{"taxonomy":"post_tag","embeddable":true,"href":"https:\/\/ucnoqta.az\/index.php?rest_route=%2Fwp%2Fv2%2Ftags&post=125929"}],"curies":[{"name":"wp","href":"https:\/\/api.w.org\/{rel}","templated":true}]}}