{"id":125927,"date":"2021-08-09T18:00:59","date_gmt":"2021-08-09T14:00:59","guid":{"rendered":""},"modified":"-0001-11-30T00:00:00","modified_gmt":"-0001-11-29T20:00:00","slug":"","status":"publish","type":"post","link":"https:\/\/ucnoqta.az\/?p=125927","title":{"rendered":"G\u00fcrc\u00fcstan\u0131n Ba\u015f naziri: <font color=red><b>\u201cAz\u0259rbaycanla \u0259la m\u00fcnasib\u0259tl\u0259rimiz var\u201d<\/b><\/font>"},"content":{"rendered":"<p><strong>&ldquo;Xarici siyas\u0259timizd\u0259 \u0259sas istiqam\u0259tl\u0259rd\u0259n biri u\u011furlu qon\u015fuluq siyas\u0259ti olmal\u0131d\u0131r&rdquo;.<\/strong><\/p>\n<p>&ldquo;Report&rdquo;un yerli b&uuml;rosu x\u0259b\u0259r verir ki, bunu G&uuml;rc&uuml;stan\u0131n Ba\u015f naziri&nbsp;\u0130rakli Qariba\u015fvili&nbsp;&ouml;lk\u0259nin Xarici \u0130\u015fl\u0259r Nazirliyinin 10 illik f\u0259aliyy\u0259t plan\u0131n\u0131n t\u0259qdimat m\u0259rasimind\u0259 &ccedil;\u0131x\u0131\u015f\u0131nda deyib.<\/p>\n<p>O, &uuml;&ccedil; qon\u015fu &ouml;lk\u0259 &#8211; Az\u0259rbaycan, Erm\u0259nistan v\u0259 T&uuml;rkiy\u0259 il\u0259 \u0259la m&uuml;nasib\u0259tl\u0259rin oldu\u011funu qeyd edib.<\/p>\n<p>H&ouml;kum\u0259t ba\u015f&ccedil;\u0131s\u0131 G&uuml;rc&uuml;stan\u0131n u\u011furlu vasit\u0259&ccedil;iliyi say\u0259sind\u0259 Az\u0259rbaycan v\u0259 Erm\u0259nistan aras\u0131nda \u0259ld\u0259 olunmu\u015f humanitar raz\u0131la\u015fmaya da toxunub: &ldquo;Bizim u\u011furlu siyas\u0259timiz n\u0259tic\u0259sind\u0259 az\u0259rbaycanl\u0131 v\u0259 erm\u0259ni qarda\u015flar\u0131m\u0131z aras\u0131nda raz\u0131la\u015fma \u0259ld\u0259 olundu. Bu, u\u011furlu presedenti &uuml;&ccedil; qon\u015fu &ouml;lk\u0259 yaratd\u0131&rdquo;.<\/p>\n<p>\u0130.Qariba\u015fvili vur\u011fulay\u0131b ki, G&uuml;rc&uuml;stan b&ouml;lg\u0259d\u0259 dayan\u0131ql\u0131 s&uuml;lh v\u0259 sabitliyin \u0259sas t\u0259\u015f\u0259bb&uuml;skarlar\u0131ndan biri olmal\u0131d\u0131r: &ldquo;Bu, g\u0259l\u0259c\u0259k inki\u015faf &uuml;&ccedil;&uuml;n m&ouml;hk\u0259m t\u0259m\u0259l ola bil\u0259r. Dost v\u0259 qon\u015fu &ouml;lk\u0259l\u0259r\u0259 t\u0259klif etdiyimiz platforma inki\u015faf etdirilm\u0259li v\u0259 biz bu istiqam\u0259td\u0259 daha da f\u0259al olmal\u0131y\u0131q&rdquo;.<\/p>\n","protected":false},"excerpt":{"rendered":"<p>&ldquo;Xarici siyas\u0259timizd\u0259 \u0259sas istiqam\u0259tl\u0259rd\u0259n biri u\u011furlu qon\u015fuluq siyas\u0259ti olmal\u0131d\u0131r&rdquo;. &ldquo;Report&rdquo;un yerli b&uuml;rosu x\u0259b\u0259r verir ki, bunu G&uuml;rc&uuml;stan\u0131n Ba\u015f naziri&nbsp;\u0130rakli Qariba\u015fvili&nbsp;&ouml;lk\u0259nin Xarici \u0130\u015fl\u0259r Nazirliyinin 10 illik f\u0259aliyy\u0259t plan\u0131n\u0131n t\u0259qdimat m\u0259rasimind\u0259 &ccedil;\u0131x\u0131\u015f\u0131nda&hellip;<\/p>\n","protected":false},"author":1,"featured_media":251278,"comment_status":"open","ping_status":"open","sticky":false,"template":"","format":"standard","meta":{"_lmt_disableupdate":"","_lmt_disable":"","footnotes":""},"categories":[89],"tags":[],"class_list":["post-125927","post","type-post","status-publish","format-standard","has-post-thumbnail","hentry","category-dunya-butun-xeberler"],"_links":{"self":[{"href":"https:\/\/ucnoqta.az\/index.php?rest_route=\/wp\/v2\/posts\/125927","targetHints":{"allow":["GET"]}}],"collection":[{"href":"https:\/\/ucnoqta.az\/index.php?rest_route=\/wp\/v2\/posts"}],"about":[{"href":"https:\/\/ucnoqta.az\/index.php?rest_route=\/wp\/v2\/types\/post"}],"author":[{"embeddable":true,"href":"https:\/\/ucnoqta.az\/index.php?rest_route=\/wp\/v2\/users\/1"}],"replies":[{"embeddable":true,"href":"https:\/\/ucnoqta.az\/index.php?rest_route=%2Fwp%2Fv2%2Fcomments&post=125927"}],"version-history":[{"count":0,"href":"https:\/\/ucnoqta.az\/index.php?rest_route=\/wp\/v2\/posts\/125927\/revisions"}],"wp:featuredmedia":[{"embeddable":true,"href":"https:\/\/ucnoqta.az\/index.php?rest_route=\/wp\/v2\/media\/251278"}],"wp:attachment":[{"href":"https:\/\/ucnoqta.az\/index.php?rest_route=%2Fwp%2Fv2%2Fmedia&parent=125927"}],"wp:term":[{"taxonomy":"category","embeddable":true,"href":"https:\/\/ucnoqta.az\/index.php?rest_route=%2Fwp%2Fv2%2Fcategories&post=125927"},{"taxonomy":"post_tag","embeddable":true,"href":"https:\/\/ucnoqta.az\/index.php?rest_route=%2Fwp%2Fv2%2Ftags&post=125927"}],"curies":[{"name":"wp","href":"https:\/\/api.w.org\/{rel}","templated":true}]}}