{"id":125920,"date":"2021-08-09T15:01:25","date_gmt":"2021-08-09T11:01:25","guid":{"rendered":""},"modified":"-0001-11-30T00:00:00","modified_gmt":"-0001-11-29T20:00:00","slug":"","status":"publish","type":"post","link":"https:\/\/ucnoqta.az\/?p=125920","title":{"rendered":"Azercell azad olunmu\u015f \u0259razil\u0259rimizd\u0259 \u015f\u0259b\u0259k\u0259sini geni\u015fl\u0259ndirir!"},"content":{"rendered":"<p><strong>Art\u0131q i\u015f\u011faldan azad olunmu\u015f torpaqlar\u0131m\u0131zda&nbsp;y&uuml;ks\u0259k keyfiyy\u0259tli mobil rabit\u0259nin t\u0259min olunmas\u0131&nbsp;m\u0259qs\u0259dil\u0259&nbsp;\u015firk\u0259tin&nbsp; 60-dan &ccedil;ox&nbsp;stansiyas\u0131 f\u0259aliyy\u0259t g&ouml;st\u0259rir<\/strong><br \/>\n44 g&uuml;nl&uuml;k V\u0259t\u0259n m&uuml;harib\u0259sind\u0259 Az\u0259rbaycan\u0131n b&ouml;y&uuml;k q\u0259l\u0259b\u0259si&nbsp;n\u0259tic\u0259sind\u0259 do\u011fma torpaqlar\u0131m\u0131z\u0131n azad olunmas\u0131 &ouml;lk\u0259mizin h\u0259yat\u0131nda yeni bir m\u0259rh\u0259l\u0259y\u0259 t\u0259kan verdi. \u0130\u015f\u011faldan azad olunmu\u015f \u0259razil\u0259rimizin&nbsp;yenid\u0259n qurulmas\u0131 v\u0259 b\u0259rpas\u0131 istiqam\u0259tind\u0259 d&ouml;vl\u0259t s\u0259viyy\u0259li layih\u0259l\u0259rin t\u0259\u015fkil olunmas\u0131 da bundan x\u0259b\u0259r verir.<br \/>\n\u015eanl\u0131 ordumuzun, dem\u0259k olar ki, ard\u0131nca b&uuml;t&uuml;n c\u0259bh\u0259 boyu ir\u0259lil\u0259y\u0259n Azercell komandas\u0131&nbsp;C\u0259bray\u0131l rayonundan ba\u015flayaraq azad edilmi\u015f tarixi torpaqlar\u0131m\u0131zda, el\u0259c\u0259 d\u0259 q\u0259dim \u015eu\u015fa \u015f\u0259h\u0259rind\u0259 4G \u015f\u0259b\u0259k\u0259sini&nbsp;i\u015f\u0259 salma\u011fa m&uuml;v\u0259ff\u0259q olub.&nbsp;Azercell i\u015f\u011faldan azad olunmu\u015f \u0259razil\u0259rimizin s&uuml;r\u0259tli inki\u015faf\u0131na &ouml;z t&ouml;hf\u0259sini verm\u0259k m\u0259qs\u0259dil\u0259 z\u0259ruri platforma olacaq mobil telekom infrastrukturunun qurulmas\u0131n\u0131&nbsp;intensiv \u015f\u0259kild\u0259 davam etdirir. Bel\u0259 ki, i\u015f\u011faldan azad olunmu\u015f torpaqlar\u0131m\u0131zda qurulmu\u015f Azercell \u015firk\u0259tin\u0259 m\u0259xsus 60-dan art\u0131q radio baza stansiyas\u0131 2G\/3G\/4G standartlar\u0131n\u0131 d\u0259st\u0259kl\u0259yir. \u015eu\u015fa, A\u011fdam, F&uuml;zuli, C\u0259bray\u0131l, Z\u0259ngilan, Qubadl\u0131, K\u0259lb\u0259c\u0259r rayonlar\u0131, \u0130stisu, Hadrut, Suqovu\u015fan q\u0259s\u0259b\u0259l\u0259ri, Xocav\u0259nd v\u0259 La&ccedil;\u0131n rayonlar\u0131na aid bir &ccedil;ox k\u0259nd v\u0259 dig\u0259r \u0259razil\u0259r art\u0131q Azercell \u015f\u0259b\u0259k\u0259si il\u0259 \u0259hat\u0259 olunub.<br \/>\nXat\u0131rladaq ki,&nbsp;Az\u0259rbaycan Respublikas\u0131n\u0131n Prezidenti &ldquo;A\u011f\u0131ll\u0131 \u015f\u0259h\u0259r&rdquo; (Smart City) v\u0259 &ldquo;A\u011f\u0131ll\u0131 k\u0259nd&rdquo; (Smart Village) konsepsiyas\u0131n\u0131n haz\u0131rlanmas\u0131 haqq\u0131nda s\u0259r\u0259ncam imzalay\u0131b. Azercell \u015firk\u0259ti &ouml;z n&ouml;vb\u0259sind\u0259 bu istiqam\u0259td\u0259 h\u0259r c&uuml;r f\u0259aliyy\u0259t\u0259 d\u0259st\u0259k olma\u011fa haz\u0131r oldu\u011funu bildirir.<\/p>\n<p>Azercell-in \u0259sas v\u0259zif\u0259si v\u0259 m\u0259qs\u0259di&nbsp;i\u015f\u011faldan azad olunmu\u015f&nbsp;\u0259razil\u0259rd\u0259 tam g&uuml;c&uuml; il\u0259&nbsp;yeni n\u0259sil&nbsp;\u015f\u0259b\u0259k\u0259nin&nbsp;geni\u015fl\u0259ndirilm\u0259sini&nbsp;s&uuml;r\u0259tl\u0259ndirm\u0259k&nbsp;v\u0259 bu \u0259razil\u0259r\u0259 qay\u0131dacaq \u0259halini&nbsp;mobil internet v\u0259 qabaqc\u0131l kommunikasiya xidm\u0259tl\u0259ri&nbsp;il\u0259 t\u0259min etm\u0259kdir.<\/p>\n","protected":false},"excerpt":{"rendered":"<p>Art\u0131q i\u015f\u011faldan azad olunmu\u015f torpaqlar\u0131m\u0131zda&nbsp;y&uuml;ks\u0259k keyfiyy\u0259tli mobil rabit\u0259nin t\u0259min olunmas\u0131&nbsp;m\u0259qs\u0259dil\u0259&nbsp;\u015firk\u0259tin&nbsp; 60-dan &ccedil;ox&nbsp;stansiyas\u0131 f\u0259aliyy\u0259t g&ouml;st\u0259rir 44 g&uuml;nl&uuml;k V\u0259t\u0259n m&uuml;harib\u0259sind\u0259 Az\u0259rbaycan\u0131n b&ouml;y&uuml;k q\u0259l\u0259b\u0259si&nbsp;n\u0259tic\u0259sind\u0259 do\u011fma torpaqlar\u0131m\u0131z\u0131n azad olunmas\u0131 &ouml;lk\u0259mizin h\u0259yat\u0131nda yeni bir m\u0259rh\u0259l\u0259y\u0259&hellip;<\/p>\n","protected":false},"author":1,"featured_media":251278,"comment_status":"open","ping_status":"open","sticky":false,"template":"","format":"standard","meta":{"_lmt_disableupdate":"","_lmt_disable":"","footnotes":""},"categories":[101],"tags":[],"class_list":["post-125920","post","type-post","status-publish","format-standard","has-post-thumbnail","hentry","category-cemiyyet"],"_links":{"self":[{"href":"https:\/\/ucnoqta.az\/index.php?rest_route=\/wp\/v2\/posts\/125920","targetHints":{"allow":["GET"]}}],"collection":[{"href":"https:\/\/ucnoqta.az\/index.php?rest_route=\/wp\/v2\/posts"}],"about":[{"href":"https:\/\/ucnoqta.az\/index.php?rest_route=\/wp\/v2\/types\/post"}],"author":[{"embeddable":true,"href":"https:\/\/ucnoqta.az\/index.php?rest_route=\/wp\/v2\/users\/1"}],"replies":[{"embeddable":true,"href":"https:\/\/ucnoqta.az\/index.php?rest_route=%2Fwp%2Fv2%2Fcomments&post=125920"}],"version-history":[{"count":0,"href":"https:\/\/ucnoqta.az\/index.php?rest_route=\/wp\/v2\/posts\/125920\/revisions"}],"wp:featuredmedia":[{"embeddable":true,"href":"https:\/\/ucnoqta.az\/index.php?rest_route=\/wp\/v2\/media\/251278"}],"wp:attachment":[{"href":"https:\/\/ucnoqta.az\/index.php?rest_route=%2Fwp%2Fv2%2Fmedia&parent=125920"}],"wp:term":[{"taxonomy":"category","embeddable":true,"href":"https:\/\/ucnoqta.az\/index.php?rest_route=%2Fwp%2Fv2%2Fcategories&post=125920"},{"taxonomy":"post_tag","embeddable":true,"href":"https:\/\/ucnoqta.az\/index.php?rest_route=%2Fwp%2Fv2%2Ftags&post=125920"}],"curies":[{"name":"wp","href":"https:\/\/api.w.org\/{rel}","templated":true}]}}